{"id":877,"date":"2019-09-03T22:24:56","date_gmt":"2019-09-03T22:24:56","guid":{"rendered":"http:\/\/patosesportes.com.br\/?p=877"},"modified":"2019-09-07T01:33:40","modified_gmt":"2019-09-07T01:33:40","slug":"nova-diretoria-da-urt-tomou-posse-para-mandato-de-3-anos","status":"publish","type":"post","link":"https:\/\/patosesportes.com.br\/?p=877","title":{"rendered":"Nova diretoria da URT tomou posse para mandato de 3 anos"},"content":{"rendered":"<p>A nova diretoria da  URT , eleita para o mandato de  tr\u00eas anos, 2019\/2022, tomou posse nesta  nesta quinta (29), em cerim\u00f4nia realizada na sede da entidade.<\/p><p>Presidente: Maria Isabel Pimenta Rocha<br>Vice-presidente: Bartolomeu Ferreira Ribeiro<br>1\u00aa secret\u00e1ria: Teliane Caixeta<br>2\u00ba secret\u00e1rio: Bruno Cristiano Silva Leles<br>1\u00ba tesoureiro: Rubens de Deus Sousa<br>2\u00ba tesoureiro: Jos\u00e9 Natal de Oliveira<\/p><p>Diretores dos Departamentos:<br>Alonso Porto Santos<br>Armando Am\u00e2ncio Filho<br>Bruno Gomes de Almeida Rosa<br>Lara Muniz Braga<br>M\u00e1rcia da Fonseca Melo<br>Paulo da Silva Teixeira<br>Romero Meia da Silva<br>Sebasti\u00e3o Pires de Camargos<br>Thiago Alves Lima<br>Wilson Gon\u00e7alves da Silva<br>Wendell Cristian Silv\u00e9rio Silva.<\/p><p> <\/p>","protected":false},"excerpt":{"rendered":"<p>A nova diretoria da URT , eleita para o mandato de tr\u00eas anos, 2019\/2022, tomou posse nesta nesta quinta (29),<\/p>\n","protected":false},"author":1,"featured_media":927,"comment_status":"open","ping_status":"open","sticky":false,"template":"","format":"standard","meta":{"colormag_page_container_layout":"default_layout","colormag_page_sidebar_layout":"default_layout","footnotes":""},"categories":[7],"tags":[],"class_list":["post-877","post","type-post","status-publish","format-standard","has-post-thumbnail","hentry","category-urt"],"_links":{"self":[{"href":"https:\/\/patosesportes.com.br\/index.php?rest_route=\/wp\/v2\/posts\/877","targetHints":{"allow":["GET"]}}],"collection":[{"href":"https:\/\/patosesportes.com.br\/index.php?rest_route=\/wp\/v2\/posts"}],"about":[{"href":"https:\/\/patosesportes.com.br\/index.php?rest_route=\/wp\/v2\/types\/post"}],"author":[{"embeddable":true,"href":"https:\/\/patosesportes.com.br\/index.php?rest_route=\/wp\/v2\/users\/1"}],"replies":[{"embeddable":true,"href":"https:\/\/patosesportes.com.br\/index.php?rest_route=%2Fwp%2Fv2%2Fcomments&post=877"}],"version-history":[{"count":1,"href":"https:\/\/patosesportes.com.br\/index.php?rest_route=\/wp\/v2\/posts\/877\/revisions"}],"predecessor-version":[{"id":879,"href":"https:\/\/patosesportes.com.br\/index.php?rest_route=\/wp\/v2\/posts\/877\/revisions\/879"}],"wp:featuredmedia":[{"embeddable":true,"href":"https:\/\/patosesportes.com.br\/index.php?rest_route=\/wp\/v2\/media\/927"}],"wp:attachment":[{"href":"https:\/\/patosesportes.com.br\/index.php?rest_route=%2Fwp%2Fv2%2Fmedia&parent=877"}],"wp:term":[{"taxonomy":"category","embeddable":true,"href":"https:\/\/patosesportes.com.br\/index.php?rest_route=%2Fwp%2Fv2%2Fcategories&post=877"},{"taxonomy":"post_tag","embeddable":true,"href":"https:\/\/patosesportes.com.br\/index.php?rest_route=%2Fwp%2Fv2%2Ftags&post=877"}],"curies":[{"name":"wp","href":"https:\/\/api.w.org\/{rel}","templated":true}]}}