{"id":638,"date":"2019-07-02T22:06:58","date_gmt":"2019-07-02T22:06:58","guid":{"rendered":"http:\/\/patosesportes.com.br\/?p=638"},"modified":"2019-07-02T22:06:59","modified_gmt":"2019-07-02T22:06:59","slug":"tecnico-do-atletico-rodrigo-santana-visita-patos-de-minas","status":"publish","type":"post","link":"https:\/\/patosesportes.com.br\/?p=638","title":{"rendered":"T\u00e9cnico do Atl\u00e9tico Rodrigo Santana visita Patos de Minas"},"content":{"rendered":"<p>Rodrigo Santana, treinador do Galo, esteve em Patos de Minas, aproveitando a paralisa\u00e7\u00e3o do Campeonato Brasileiro, devido a Copa Am\u00e9rica e visitando seus amigos e matando a saudade dos tempos de URT. Foram duas temporadas de muitas vit\u00f3rias e conquistas, que projetaram o competente treinador, que seguiu para um trabalho nas divis\u00f5es b\u00e1sicas do Clube Atl\u00e9tico Mineiro e, com a demiss\u00e3o de Levir Culpi, est\u00e1 comandando a equipe profissional em competi\u00e7\u00f5es importantes. <\/p>","protected":false},"excerpt":{"rendered":"<p>Rodrigo Santana, treinador do Galo, esteve em Patos de Minas, aproveitando a paralisa\u00e7\u00e3o do Campeonato Brasileiro, devido a Copa Am\u00e9rica<\/p>\n","protected":false},"author":1,"featured_media":639,"comment_status":"open","ping_status":"open","sticky":false,"template":"","format":"standard","meta":{"colormag_page_container_layout":"default_layout","colormag_page_sidebar_layout":"default_layout","footnotes":""},"categories":[7],"tags":[],"class_list":["post-638","post","type-post","status-publish","format-standard","has-post-thumbnail","hentry","category-urt"],"_links":{"self":[{"href":"https:\/\/patosesportes.com.br\/index.php?rest_route=\/wp\/v2\/posts\/638","targetHints":{"allow":["GET"]}}],"collection":[{"href":"https:\/\/patosesportes.com.br\/index.php?rest_route=\/wp\/v2\/posts"}],"about":[{"href":"https:\/\/patosesportes.com.br\/index.php?rest_route=\/wp\/v2\/types\/post"}],"author":[{"embeddable":true,"href":"https:\/\/patosesportes.com.br\/index.php?rest_route=\/wp\/v2\/users\/1"}],"replies":[{"embeddable":true,"href":"https:\/\/patosesportes.com.br\/index.php?rest_route=%2Fwp%2Fv2%2Fcomments&post=638"}],"version-history":[{"count":1,"href":"https:\/\/patosesportes.com.br\/index.php?rest_route=\/wp\/v2\/posts\/638\/revisions"}],"predecessor-version":[{"id":640,"href":"https:\/\/patosesportes.com.br\/index.php?rest_route=\/wp\/v2\/posts\/638\/revisions\/640"}],"wp:featuredmedia":[{"embeddable":true,"href":"https:\/\/patosesportes.com.br\/index.php?rest_route=\/wp\/v2\/media\/639"}],"wp:attachment":[{"href":"https:\/\/patosesportes.com.br\/index.php?rest_route=%2Fwp%2Fv2%2Fmedia&parent=638"}],"wp:term":[{"taxonomy":"category","embeddable":true,"href":"https:\/\/patosesportes.com.br\/index.php?rest_route=%2Fwp%2Fv2%2Fcategories&post=638"},{"taxonomy":"post_tag","embeddable":true,"href":"https:\/\/patosesportes.com.br\/index.php?rest_route=%2Fwp%2Fv2%2Ftags&post=638"}],"curies":[{"name":"wp","href":"https:\/\/api.w.org\/{rel}","templated":true}]}}