{"id":628,"date":"2019-07-02T21:41:48","date_gmt":"2019-07-02T21:41:48","guid":{"rendered":"http:\/\/patosesportes.com.br\/?p=628"},"modified":"2019-07-02T21:41:48","modified_gmt":"2019-07-02T21:41:48","slug":"mamore-anuncia-goleiro-paulo-vitor-para-temporada-2019","status":"publish","type":"post","link":"https:\/\/patosesportes.com.br\/?p=628","title":{"rendered":"Mamor\u00e9 anuncia goleiro  Paulo Vitor para temporada 2019"},"content":{"rendered":"<p>O goleiro Paulo V\u00edtor, que jogou pelo Tupi de Juiz de Fora, no Campeonato Mineiro da atual temporada, \u00e9 o primeiro jogador contratado para a disputa da Segunda Divis\u00e3o, a Terceirona, com in\u00edcio no dia 10 de agosto. Paulo Vitor Freitas Souza, de 28 anos, \u00e9 natural de Muria\u00e9 (Minas Gerais). O goleiro tem 1,92m e defendeu o Tombense no ano passado.\u00a0Paulo V\u00edtor come\u00e7ou sua carreira no time sub-20 do Atl\u00e9tico Mineiro h\u00e1 10 anos e \u00e9 um dos cinco jogadores acima de 23 anos no elenco esmeraldino para a competi\u00e7\u00e3o. <\/p>","protected":false},"excerpt":{"rendered":"<p>O goleiro Paulo V\u00edtor, que jogou pelo Tupi de Juiz de Fora, no Campeonato Mineiro da atual temporada, \u00e9 o<\/p>\n","protected":false},"author":1,"featured_media":629,"comment_status":"open","ping_status":"open","sticky":false,"template":"","format":"standard","meta":{"colormag_page_container_layout":"default_layout","colormag_page_sidebar_layout":"default_layout","footnotes":""},"categories":[8],"tags":[],"class_list":["post-628","post","type-post","status-publish","format-standard","has-post-thumbnail","hentry","category-mamore"],"_links":{"self":[{"href":"https:\/\/patosesportes.com.br\/index.php?rest_route=\/wp\/v2\/posts\/628","targetHints":{"allow":["GET"]}}],"collection":[{"href":"https:\/\/patosesportes.com.br\/index.php?rest_route=\/wp\/v2\/posts"}],"about":[{"href":"https:\/\/patosesportes.com.br\/index.php?rest_route=\/wp\/v2\/types\/post"}],"author":[{"embeddable":true,"href":"https:\/\/patosesportes.com.br\/index.php?rest_route=\/wp\/v2\/users\/1"}],"replies":[{"embeddable":true,"href":"https:\/\/patosesportes.com.br\/index.php?rest_route=%2Fwp%2Fv2%2Fcomments&post=628"}],"version-history":[{"count":1,"href":"https:\/\/patosesportes.com.br\/index.php?rest_route=\/wp\/v2\/posts\/628\/revisions"}],"predecessor-version":[{"id":630,"href":"https:\/\/patosesportes.com.br\/index.php?rest_route=\/wp\/v2\/posts\/628\/revisions\/630"}],"wp:featuredmedia":[{"embeddable":true,"href":"https:\/\/patosesportes.com.br\/index.php?rest_route=\/wp\/v2\/media\/629"}],"wp:attachment":[{"href":"https:\/\/patosesportes.com.br\/index.php?rest_route=%2Fwp%2Fv2%2Fmedia&parent=628"}],"wp:term":[{"taxonomy":"category","embeddable":true,"href":"https:\/\/patosesportes.com.br\/index.php?rest_route=%2Fwp%2Fv2%2Fcategories&post=628"},{"taxonomy":"post_tag","embeddable":true,"href":"https:\/\/patosesportes.com.br\/index.php?rest_route=%2Fwp%2Fv2%2Ftags&post=628"}],"curies":[{"name":"wp","href":"https:\/\/api.w.org\/{rel}","templated":true}]}}