{"id":625,"date":"2019-07-02T21:33:52","date_gmt":"2019-07-02T21:33:52","guid":{"rendered":"http:\/\/patosesportes.com.br\/?p=625"},"modified":"2019-07-02T21:33:52","modified_gmt":"2019-07-02T21:33:52","slug":"pre-temporada-do-mamore","status":"publish","type":"post","link":"https:\/\/patosesportes.com.br\/?p=625","title":{"rendered":"Pr\u00e9-temporada do Mamor\u00e9"},"content":{"rendered":"<p>O Esporte Clube Mamor\u00e9 continua buscando atletas para disputar a Segunda Divis\u00e3o do Campeonato Mineiro. O  Esporte Clube Mamor\u00e9  confirmou. <\/p><p><strong>Goleiros<\/strong><br>Paulo Vitor \u2013 28a \u2013 Tupi<br>Vin\u00edcius<br>Gabriel \u2013 base<\/p><p><strong>Lateral-direita<\/strong><br>Gilmar \u2013 Serra (ES)<br>Matheus Batalh\u00e3o \u2013 base<\/p><p><strong>Zagueiros<\/strong><br>Davy \u2013 25\u00aa \u2013 Athletic<br>Jo\u00e3o Bruno \u2013 Democrata SL<br>Guilherme \u2013 Ipiranga (RS)<br>Gabriel \u2013 base<br>Lu\u00eds Henrique \u2013 base<\/p><p><strong>Lateral-esquerda<\/strong><br>Nathan \u2013 Athletic<br>Sucupira \u2013 base<\/p><p><strong>Volantes<\/strong><br>Bruno \u2013 Athletic<br>Hudson \u2013 CRB (AL)<br>Arilson \u2013 Patrocinense<\/p><p><strong>Meias<\/strong><br>Jo\u00e3o William \u2013 25a \u2013 Nacional Muria\u00e9<br>Cadu Padilha \u2013 Oper\u00e1rio (MS)<br>Gustavinho \u2013 base<\/p><p><strong>Atacantes<\/strong><br>Janderson \u2013 S\u00e3o Lu\u00eds de Iju\u00ed (RS)<br>Carlinhos \u2013 Uberaba e Caldense<br>\u00cdgor Balotelli \u2013 Tupi<br>William Mococa \u2013 Copa Paulista<br>Henrique \u2013 base<\/p><p>O treinador Gustavo Branc\u00e3o (Gustavo Marcos Rodrigues) come\u00e7a seu trabalho, juntamente com os demais integrantes da comiss\u00e3o t\u00e9cnica: Marcos Jos\u00e9 (auxiliar), Lu\u00eds Carlos Caldiron (Preparador f\u00edsico), Paulo S\u00e9rgio (Preparador de goleiros; Wellington Augusto (Analista de desempenho).<\/p><p>Mamor\u00e9 conta ainda com o supervisor Jos\u00e9 Geraldo Martins (Morais), o roupeiro Roni Ribeiro (Buiu), al\u00e9m do massagista Peron (Jer\u00f4nimo Alves).<\/p><p>O Presidente Sandro Ga\u00facho e demais companheiros de diretoria continuam cuidando de toda a log\u00edstica e organiza\u00e7\u00e3o para que o Mamor\u00e9 se saia bem na competi\u00e7\u00e3o, que ter\u00e1 in\u00edcio daqui a 40 dias.<\/p>","protected":false},"excerpt":{"rendered":"<p>O Esporte Clube Mamor\u00e9 continua buscando atletas para disputar a Segunda Divis\u00e3o do Campeonato Mineiro. O Esporte Clube Mamor\u00e9 confirmou.<\/p>\n","protected":false},"author":1,"featured_media":626,"comment_status":"open","ping_status":"open","sticky":false,"template":"","format":"standard","meta":{"colormag_page_container_layout":"default_layout","colormag_page_sidebar_layout":"default_layout","footnotes":""},"categories":[8],"tags":[],"class_list":["post-625","post","type-post","status-publish","format-standard","has-post-thumbnail","hentry","category-mamore"],"_links":{"self":[{"href":"https:\/\/patosesportes.com.br\/index.php?rest_route=\/wp\/v2\/posts\/625","targetHints":{"allow":["GET"]}}],"collection":[{"href":"https:\/\/patosesportes.com.br\/index.php?rest_route=\/wp\/v2\/posts"}],"about":[{"href":"https:\/\/patosesportes.com.br\/index.php?rest_route=\/wp\/v2\/types\/post"}],"author":[{"embeddable":true,"href":"https:\/\/patosesportes.com.br\/index.php?rest_route=\/wp\/v2\/users\/1"}],"replies":[{"embeddable":true,"href":"https:\/\/patosesportes.com.br\/index.php?rest_route=%2Fwp%2Fv2%2Fcomments&post=625"}],"version-history":[{"count":1,"href":"https:\/\/patosesportes.com.br\/index.php?rest_route=\/wp\/v2\/posts\/625\/revisions"}],"predecessor-version":[{"id":627,"href":"https:\/\/patosesportes.com.br\/index.php?rest_route=\/wp\/v2\/posts\/625\/revisions\/627"}],"wp:featuredmedia":[{"embeddable":true,"href":"https:\/\/patosesportes.com.br\/index.php?rest_route=\/wp\/v2\/media\/626"}],"wp:attachment":[{"href":"https:\/\/patosesportes.com.br\/index.php?rest_route=%2Fwp%2Fv2%2Fmedia&parent=625"}],"wp:term":[{"taxonomy":"category","embeddable":true,"href":"https:\/\/patosesportes.com.br\/index.php?rest_route=%2Fwp%2Fv2%2Fcategories&post=625"},{"taxonomy":"post_tag","embeddable":true,"href":"https:\/\/patosesportes.com.br\/index.php?rest_route=%2Fwp%2Fv2%2Ftags&post=625"}],"curies":[{"name":"wp","href":"https:\/\/api.w.org\/{rel}","templated":true}]}}