{"id":5039,"date":"2026-08-31T17:15:46","date_gmt":"2026-08-31T20:15:46","guid":{"rendered":"https:\/\/patosesportes.com.br\/?p=5039"},"modified":"2026-08-31T17:17:11","modified_gmt":"2026-08-31T20:17:11","slug":"mamore-sub-20-realizou-jogo-treino-em-preparacao-para-ultima-partida-da-primeira-fase-do-mineiro-sub-20","status":"publish","type":"post","link":"https:\/\/patosesportes.com.br\/?p=5039","title":{"rendered":"Mamor\u00e9 Sub 20 realizou jogo-treino em prepara\u00e7\u00e3o para \u00faltima partida da primeira fase do Mineiro Sub-20"},"content":{"rendered":"\n<p class=\"wp-block-paragraph\">O Mamor\u00e9 aproveitou a folga na tabela do Campeonato Mineiro Sub-20 da Segunda Divis\u00e3o para realizar um jogo-treino no \u00faltimo s\u00e1bado. A equipe enfrentou o time profissional do Paracatu, em prepara\u00e7\u00e3o para a sequ\u00eancia da competi\u00e7\u00e3o estadual e empatou em 1 a 1.<\/p>\n\n\n\n<p class=\"wp-block-paragraph\">O Sapo volta a campo no dia 12 de setembro, s\u00e1bado, \u00e0s 15h30, no Est\u00e1dio Bernardo Rubinger, quando recebe o Clube Atl\u00e9tico Patrocinense, pela \u00faltima partida do Mamor\u00e9 na primeira fase.<\/p>\n\n\n\n<p class=\"wp-block-paragraph\">Na rodada anterior, o Mamor\u00e9 conquistou uma importante vit\u00f3ria fora de casa ao derrotar o Uberl\u00e2ndia por 1 a 0, resultado que manteve a equipe na lideran\u00e7a do Grupo B.<\/p>\n\n\n\n<p class=\"wp-block-paragraph\">Mamor\u00e9 lidera o Grupo B<\/p>\n\n\n\n<p class=\"wp-block-paragraph\">Ap\u00f3s os jogos disputados at\u00e9 o momento, a classifica\u00e7\u00e3o do Grupo B est\u00e1 assim:<br>\u2022 Mamor\u00e9 \u2013 16 pontos<br>\u2022 Vila Nova \u2013 13 pontos<br>\u2022 Uberl\u00e2ndia \u2013 9 pontos<br>\u2022 Patrocinense \u2013 7 pontos<br>\u2022 Juventus \u2013 1 ponto<\/p>\n\n\n\n<p class=\"wp-block-paragraph\">O confronto do dia 12 de setembro ser\u00e1 especialmente importante para o Sapo, j\u00e1 que a equipe ir\u00e1 folgar na 10\u00aa e \u00faltima rodada da primeira fase do Campeonato Mineiro Sub-20. Dessa forma, o Mamor\u00e9 encerra sua participa\u00e7\u00e3o na primeira fase diante do Patrocinense e ter\u00e1 de acompanhar os resultados da \u00faltima rodada para conhecer a defini\u00e7\u00e3o final do grupo.<\/p>\n\n\n\n<p class=\"wp-block-paragraph\">L\u00edder do Grupo B, o Mamor\u00e9 busca manter o bom momento e confirmar sua for\u00e7a na competi\u00e7\u00e3o estadual antes da pr\u00f3xima fase.<\/p>\n\n\n\n<p class=\"wp-block-paragraph\">Por: Wantuir Silva<\/p>\n\n\n\n<p class=\"wp-block-paragraph\">Foto: Divulga\u00e7\u00e3o Mamor\u00e9<\/p>\n","protected":false},"excerpt":{"rendered":"<p>O Mamor\u00e9 aproveitou a folga na tabela do Campeonato Mineiro Sub-20 da Segunda Divis\u00e3o para realizar um jogo-treino no \u00faltimo<\/p>\n","protected":false},"author":1,"featured_media":5040,"comment_status":"open","ping_status":"open","sticky":false,"template":"","format":"standard","meta":{"colormag_page_container_layout":"default_layout","colormag_page_sidebar_layout":"default_layout","footnotes":""},"categories":[8],"tags":[],"class_list":["post-5039","post","type-post","status-publish","format-standard","has-post-thumbnail","hentry","category-mamore"],"_links":{"self":[{"href":"https:\/\/patosesportes.com.br\/index.php?rest_route=\/wp\/v2\/posts\/5039","targetHints":{"allow":["GET"]}}],"collection":[{"href":"https:\/\/patosesportes.com.br\/index.php?rest_route=\/wp\/v2\/posts"}],"about":[{"href":"https:\/\/patosesportes.com.br\/index.php?rest_route=\/wp\/v2\/types\/post"}],"author":[{"embeddable":true,"href":"https:\/\/patosesportes.com.br\/index.php?rest_route=\/wp\/v2\/users\/1"}],"replies":[{"embeddable":true,"href":"https:\/\/patosesportes.com.br\/index.php?rest_route=%2Fwp%2Fv2%2Fcomments&post=5039"}],"version-history":[{"count":2,"href":"https:\/\/patosesportes.com.br\/index.php?rest_route=\/wp\/v2\/posts\/5039\/revisions"}],"predecessor-version":[{"id":5042,"href":"https:\/\/patosesportes.com.br\/index.php?rest_route=\/wp\/v2\/posts\/5039\/revisions\/5042"}],"wp:featuredmedia":[{"embeddable":true,"href":"https:\/\/patosesportes.com.br\/index.php?rest_route=\/wp\/v2\/media\/5040"}],"wp:attachment":[{"href":"https:\/\/patosesportes.com.br\/index.php?rest_route=%2Fwp%2Fv2%2Fmedia&parent=5039"}],"wp:term":[{"taxonomy":"category","embeddable":true,"href":"https:\/\/patosesportes.com.br\/index.php?rest_route=%2Fwp%2Fv2%2Fcategories&post=5039"},{"taxonomy":"post_tag","embeddable":true,"href":"https:\/\/patosesportes.com.br\/index.php?rest_route=%2Fwp%2Fv2%2Ftags&post=5039"}],"curies":[{"name":"wp","href":"https:\/\/api.w.org\/{rel}","templated":true}]}}