{"id":5036,"date":"2026-08-31T16:38:45","date_gmt":"2026-08-31T19:38:45","guid":{"rendered":"https:\/\/patosesportes.com.br\/?p=5036"},"modified":"2026-08-31T16:38:46","modified_gmt":"2026-08-31T19:38:46","slug":"urt-define-cicero-junior-como-treinador-para-a-temporada-2027-sera-o-primeiro-tecnico-da-era-saf","status":"publish","type":"post","link":"https:\/\/patosesportes.com.br\/?p=5036","title":{"rendered":"URT define C\u00edcero J\u00fanior como treinador para a temporada 2027; ser\u00e1 o primeiro t\u00e9cnico da era SAF"},"content":{"rendered":"\n<p class=\"wp-block-paragraph\">Trov\u00e3o Azul come\u00e7a a preparar o elenco para 2027 e deve anunciar os primeiros jogadores nessa semana. A URT j\u00e1 definiu o nome do treinador que comandar\u00e1 a equipe na temporada 2027. O escolhido \u00e9 C\u00edcero J\u00fanior, profissional com experi\u00eancia no futebol mineiro e tamb\u00e9m em competi\u00e7\u00f5es nacionais.<\/p>\n\n\n\n<p class=\"wp-block-paragraph\">C\u00edcero J\u00fanior j\u00e1 comandou o Democrata GV e o Rio Branco-ES, al\u00e9m de ter trabalhado em clubes como Uberl\u00e2ndia, Itabirito, Coimbra, Pouso Alegre, Villa Nova MG e Gama. O treinador tamb\u00e9m acumula experi\u00eancia em campeonatos estaduais e na S\u00e9rie D do Campeonato Brasileiro.<\/p>\n\n\n\n<p class=\"wp-block-paragraph\">A chegada de C\u00edcero J\u00fanior marca um momento hist\u00f3rico para a URT. Ele ser\u00e1 o primeiro treinador do Trov\u00e3o Azul na era SAF, em uma nova fase administrativa e esportiva do clube.<\/p>\n\n\n\n<p class=\"wp-block-paragraph\">Com o comando t\u00e9cnico definido, a URT come\u00e7a agora a montagem do elenco para 2027. A expectativa \u00e9 de que a partir desta semana o clube comece a divulgar oficialmente os atletas que ir\u00e3o formar o primeiro grupo da nova era.<\/p>\n\n\n\n<p class=\"wp-block-paragraph\"><strong>Investimento de R$ 90 milh\u00f5es<\/strong><\/p>\n\n\n\n<p class=\"wp-block-paragraph\">A temporada 2027 tamb\u00e9m ser\u00e1 a primeira com a estrutura da Sociedade An\u00f4nima do Futebol (SAF) em funcionamento. O Grupo Tera, do empres\u00e1rio patense Paulo Augusto Rezende Silva, far\u00e1 um aporte de R$ 90 milh\u00f5es ao longo de 20 anos em troca de 90% da SAF da URT.<\/p>\n\n\n\n<p class=\"wp-block-paragraph\">O projeto prev\u00ea uma nova etapa para o Trov\u00e3o Azul, com investimentos na estrutura do clube e no futebol profissional. A expectativa \u00e9 de que a forma\u00e7\u00e3o do elenco e a escolha da comiss\u00e3o t\u00e9cnica sejam os primeiros passos concretos dessa nova fase.<\/p>\n\n\n\n<p class=\"wp-block-paragraph\">Com C\u00edcero J\u00fanior no comando, a torcida da URT come\u00e7a a conhecer os nomes que estar\u00e3o \u00e0 frente do projeto esportivo para 2027. <\/p>\n\n\n\n<p class=\"wp-block-paragraph\">Por: Wantuir Silva<\/p>\n\n\n\n<p class=\"wp-block-paragraph\">Foto: Divulga\u00e7\u00e3o URT<\/p>\n","protected":false},"excerpt":{"rendered":"<p>Trov\u00e3o Azul come\u00e7a a preparar o elenco para 2027 e deve anunciar os primeiros jogadores nessa semana. A URT j\u00e1<\/p>\n","protected":false},"author":1,"featured_media":5037,"comment_status":"open","ping_status":"open","sticky":false,"template":"","format":"standard","meta":{"colormag_page_container_layout":"default_layout","colormag_page_sidebar_layout":"default_layout","footnotes":""},"categories":[7],"tags":[],"class_list":["post-5036","post","type-post","status-publish","format-standard","has-post-thumbnail","hentry","category-urt"],"_links":{"self":[{"href":"https:\/\/patosesportes.com.br\/index.php?rest_route=\/wp\/v2\/posts\/5036","targetHints":{"allow":["GET"]}}],"collection":[{"href":"https:\/\/patosesportes.com.br\/index.php?rest_route=\/wp\/v2\/posts"}],"about":[{"href":"https:\/\/patosesportes.com.br\/index.php?rest_route=\/wp\/v2\/types\/post"}],"author":[{"embeddable":true,"href":"https:\/\/patosesportes.com.br\/index.php?rest_route=\/wp\/v2\/users\/1"}],"replies":[{"embeddable":true,"href":"https:\/\/patosesportes.com.br\/index.php?rest_route=%2Fwp%2Fv2%2Fcomments&post=5036"}],"version-history":[{"count":1,"href":"https:\/\/patosesportes.com.br\/index.php?rest_route=\/wp\/v2\/posts\/5036\/revisions"}],"predecessor-version":[{"id":5038,"href":"https:\/\/patosesportes.com.br\/index.php?rest_route=\/wp\/v2\/posts\/5036\/revisions\/5038"}],"wp:featuredmedia":[{"embeddable":true,"href":"https:\/\/patosesportes.com.br\/index.php?rest_route=\/wp\/v2\/media\/5037"}],"wp:attachment":[{"href":"https:\/\/patosesportes.com.br\/index.php?rest_route=%2Fwp%2Fv2%2Fmedia&parent=5036"}],"wp:term":[{"taxonomy":"category","embeddable":true,"href":"https:\/\/patosesportes.com.br\/index.php?rest_route=%2Fwp%2Fv2%2Fcategories&post=5036"},{"taxonomy":"post_tag","embeddable":true,"href":"https:\/\/patosesportes.com.br\/index.php?rest_route=%2Fwp%2Fv2%2Ftags&post=5036"}],"curies":[{"name":"wp","href":"https:\/\/api.w.org\/{rel}","templated":true}]}}