{"id":4477,"date":"2025-12-15T09:36:03","date_gmt":"2025-12-15T12:36:03","guid":{"rendered":"https:\/\/patosesportes.com.br\/?p=4477"},"modified":"2025-12-15T09:36:04","modified_gmt":"2025-12-15T12:36:04","slug":"urt-vence-brasiliense-e-segue-forte-na-preparacao-para-o-campeonato-mineiro-2026","status":"publish","type":"post","link":"https:\/\/patosesportes.com.br\/?p=4477","title":{"rendered":"URT vence Brasiliense e segue forte na prepara\u00e7\u00e3o para o Campeonato Mineiro 2026"},"content":{"rendered":"<p>O URT segue mostrando evolu\u00e7\u00e3o em sua prepara\u00e7\u00e3o para a disputa do Campeonato Mineiro de 2026. No \u00faltimo s\u00e1bado, dia 13, a equipe conquistou uma importante vit\u00f3ria por 3 a 1 sobre o Brasiliense, em partida realizada no est\u00e1dio Boca do Jacar\u00e9, em Taguatinga (DF). O confronto teve car\u00e1ter de jogo-treino e marcou mais um passo no planejamento da comiss\u00e3o t\u00e9cnica.<\/p><p>Sob o comando do t\u00e9cnico Ito Roque, este foi o segundo jogo-treino da equipe na temporada de prepara\u00e7\u00e3o. Na partida anterior, o URT havia enfrentado uma sele\u00e7\u00e3o de jogadores amadores da cidade de Guimar\u00e3es, quando aplicou uma goleada por 5 a 0, demonstrando bom desempenho coletivo.<\/p><p>O Trov\u00e3o Azul ainda ter\u00e1 mais dois compromissos amistosos neste m\u00eas, ambos diante do \u00a0ABECAT, equipe da cidade de Ouvidor (GO). Ser\u00e3o duas partidas amistosas:<br>\u2022 Primeiro jogo: segunda-feira, 22 de dezembro, \u00e0s 18h30, no est\u00e1dio Zama Marcial.<br>\u2022 Segundo jogo: segunda-feira, 29 de dezembro, no mesmo hor\u00e1rio, em Ouvidor, na cidade de Ouvidor (GO).<\/p><p>Durante o duelo em Taguatinga, o t\u00e9cnico Ito Roque aproveitou para colocar praticamente todo o elenco em a\u00e7\u00e3o, testando atletas e observando forma\u00e7\u00f5es. O grupo \u00e9 composto, em sua maioria, por jogadores contratados visando a disputa do Campeonato Mineiro de 2026, refor\u00e7ando que este \u00e9 um per\u00edodo decisivo de testes, avalia\u00e7\u00f5es e defini\u00e7\u00f5es.<\/p><p>A estreia oficial do URT na temporada est\u00e1 marcada para o dia 10 de janeiro, no est\u00e1dio Zama Marcial, quando a equipe enfrentar\u00e1 o North, de Montes Claros, dando in\u00edcio a mais um importante desafio para o clube.<\/p><p>Por: Wantuir Silva<\/p><p>Foto: Divulga\u00e7\u00e3o URT<\/p><p>.<\/p>","protected":false},"excerpt":{"rendered":"<p>O URT segue mostrando evolu\u00e7\u00e3o em sua prepara\u00e7\u00e3o para a disputa do Campeonato Mineiro de 2026. No \u00faltimo s\u00e1bado, dia<\/p>\n","protected":false},"author":1,"featured_media":0,"comment_status":"open","ping_status":"open","sticky":false,"template":"","format":"standard","meta":{"colormag_page_container_layout":"default_layout","colormag_page_sidebar_layout":"default_layout","footnotes":""},"categories":[7],"tags":[],"class_list":["post-4477","post","type-post","status-publish","format-standard","hentry","category-urt"],"_links":{"self":[{"href":"https:\/\/patosesportes.com.br\/index.php?rest_route=\/wp\/v2\/posts\/4477","targetHints":{"allow":["GET"]}}],"collection":[{"href":"https:\/\/patosesportes.com.br\/index.php?rest_route=\/wp\/v2\/posts"}],"about":[{"href":"https:\/\/patosesportes.com.br\/index.php?rest_route=\/wp\/v2\/types\/post"}],"author":[{"embeddable":true,"href":"https:\/\/patosesportes.com.br\/index.php?rest_route=\/wp\/v2\/users\/1"}],"replies":[{"embeddable":true,"href":"https:\/\/patosesportes.com.br\/index.php?rest_route=%2Fwp%2Fv2%2Fcomments&post=4477"}],"version-history":[{"count":1,"href":"https:\/\/patosesportes.com.br\/index.php?rest_route=\/wp\/v2\/posts\/4477\/revisions"}],"predecessor-version":[{"id":4479,"href":"https:\/\/patosesportes.com.br\/index.php?rest_route=\/wp\/v2\/posts\/4477\/revisions\/4479"}],"wp:attachment":[{"href":"https:\/\/patosesportes.com.br\/index.php?rest_route=%2Fwp%2Fv2%2Fmedia&parent=4477"}],"wp:term":[{"taxonomy":"category","embeddable":true,"href":"https:\/\/patosesportes.com.br\/index.php?rest_route=%2Fwp%2Fv2%2Fcategories&post=4477"},{"taxonomy":"post_tag","embeddable":true,"href":"https:\/\/patosesportes.com.br\/index.php?rest_route=%2Fwp%2Fv2%2Ftags&post=4477"}],"curies":[{"name":"wp","href":"https:\/\/api.w.org\/{rel}","templated":true}]}}