{"id":4451,"date":"2025-12-08T17:38:21","date_gmt":"2025-12-08T20:38:21","guid":{"rendered":"https:\/\/patosesportes.com.br\/?p=4451"},"modified":"2025-12-08T17:46:15","modified_gmt":"2025-12-08T20:46:15","slug":"fmf-divulga-tabela-do-mineiro-2026-urt-estreia-em-casa-contra-o-norte","status":"publish","type":"post","link":"https:\/\/patosesportes.com.br\/?p=4451","title":{"rendered":"FMF divulga tabela do Mineiro 2026; URT estreia em casa contra o Norte"},"content":{"rendered":"<p>A Federa\u00e7\u00e3o Mineira de Futebol (FMF) divulgou, a tabela oficial do Campeonato Mineiro M\u00f3dulo I de 2026. A competi\u00e7\u00e3o come\u00e7a no dia 10 de janeiro e ter\u00e1 decis\u00e3o marcada para 7 de maio. Entre os destaques da primeira fase est\u00e1 a estreia da URT, que volta \u00e0 elite ap\u00f3s conquistar o acesso como vice-campe\u00e3 do M\u00f3dulo II, ao lado do Norte de Montes Claros, campe\u00e3o da divis\u00e3o.<\/p><p>O primeiro compromisso da equipe ser\u00e1 justamente diante do Norte, em casa, \u00e0s 18h30 do s\u00e1bado, 10 de janeiro. Ao todo, a URT far\u00e1 quatro jogos como mandante e quatro como visitante nesta etapa da competi\u00e7\u00e3o.<\/p><p>Na sequ\u00eancia da tabela, a equipe enfrenta o Athletic\u00a0 fora de casa no dia 4 de janeiro, \u00e0s 19h. Depois, recebe o Pouso Alegre no dia 17 de janeiro, \u00e0s 18h30, e visita o Betim no dia 20 de janeiro, \u00e0s 20h. O m\u00eas de janeiro termina com mais uma partida em casa: URT x Itabirito, \u00e0s 18h30, no dia 27.<\/p><p>Fevereiro come\u00e7a com duelo contra o Am\u00e9rica, fora de casa, no dia 21, \u00e0s 16h30. Em seguida, a URT recebe o Tombense no dia 7 de fevereiro, \u00e0s 19h. O \u00faltimo compromisso dessa fase ser\u00e1 diante do Cruzeiro, tamb\u00e9m como mandante, no dia 14 de fevereiro, \u00e0s 16h30.<\/p><p>Com a tabela definida, o Trov\u00e3o Azul agora se prepara para sua estreia na elite do futebol mineiro, buscando repetir o bom desempenho que garantiu o\u00a0acesso\u00a0em\u00a02025.<\/p><p>Por: Wantuir Silva<\/p><p>Foto: Divulga\u00e7\u00e3o FMF<\/p>","protected":false},"excerpt":{"rendered":"<p>A Federa\u00e7\u00e3o Mineira de Futebol (FMF) divulgou, a tabela oficial do Campeonato Mineiro M\u00f3dulo I de 2026. A competi\u00e7\u00e3o come\u00e7a<\/p>\n","protected":false},"author":1,"featured_media":0,"comment_status":"open","ping_status":"open","sticky":false,"template":"","format":"standard","meta":{"colormag_page_container_layout":"default_layout","colormag_page_sidebar_layout":"default_layout","footnotes":""},"categories":[1],"tags":[],"class_list":["post-4451","post","type-post","status-publish","format-standard","hentry","category-sem-categoria"],"_links":{"self":[{"href":"https:\/\/patosesportes.com.br\/index.php?rest_route=\/wp\/v2\/posts\/4451","targetHints":{"allow":["GET"]}}],"collection":[{"href":"https:\/\/patosesportes.com.br\/index.php?rest_route=\/wp\/v2\/posts"}],"about":[{"href":"https:\/\/patosesportes.com.br\/index.php?rest_route=\/wp\/v2\/types\/post"}],"author":[{"embeddable":true,"href":"https:\/\/patosesportes.com.br\/index.php?rest_route=\/wp\/v2\/users\/1"}],"replies":[{"embeddable":true,"href":"https:\/\/patosesportes.com.br\/index.php?rest_route=%2Fwp%2Fv2%2Fcomments&post=4451"}],"version-history":[{"count":1,"href":"https:\/\/patosesportes.com.br\/index.php?rest_route=\/wp\/v2\/posts\/4451\/revisions"}],"predecessor-version":[{"id":4453,"href":"https:\/\/patosesportes.com.br\/index.php?rest_route=\/wp\/v2\/posts\/4451\/revisions\/4453"}],"wp:attachment":[{"href":"https:\/\/patosesportes.com.br\/index.php?rest_route=%2Fwp%2Fv2%2Fmedia&parent=4451"}],"wp:term":[{"taxonomy":"category","embeddable":true,"href":"https:\/\/patosesportes.com.br\/index.php?rest_route=%2Fwp%2Fv2%2Fcategories&post=4451"},{"taxonomy":"post_tag","embeddable":true,"href":"https:\/\/patosesportes.com.br\/index.php?rest_route=%2Fwp%2Fv2%2Ftags&post=4451"}],"curies":[{"name":"wp","href":"https:\/\/api.w.org\/{rel}","templated":true}]}}