{"id":4448,"date":"2025-12-08T17:20:49","date_gmt":"2025-12-08T20:20:49","guid":{"rendered":"https:\/\/patosesportes.com.br\/?p=4448"},"modified":"2025-12-08T17:21:32","modified_gmt":"2025-12-08T20:21:32","slug":"fmf-define-formato-e-grupos-do-modulo-2-do-mineiro-2026","status":"publish","type":"post","link":"https:\/\/patosesportes.com.br\/?p=4448","title":{"rendered":"FMF define formato e grupos do M\u00f3dulo 2 do Mineiro\u00a02026"},"content":{"rendered":"<p>A edi\u00e7\u00e3o do M\u00f3dulo 2 do Campeonato Mineiro de 2026 teve seus primeiros detalhes definidos na quinta-feira, (4), durante o Conselho T\u00e9cnico realizado na sede da Federa\u00e7\u00e3o Mineira de Futebol. Na reuni\u00e3o, representantes de todos os clubes participantes acertaram as datas e o encerramento da competi\u00e7\u00e3o, al\u00e9m de confirmarem o formato do torneio para a pr\u00f3xima temporada.<\/p><p>Para 2026, o M\u00f3dulo 2 ser\u00e1 disputado em duas fases. Na fase classificat\u00f3ria, os clubes se enfrentam em jogos de ida e volta dentro dos respectivos grupos, totalizando dez rodadas.<\/p><p>Os quatro primeiros colocados de cada grupo avan\u00e7am para a etapa seguinte, enquanto o lanterna de cada chave ser\u00e1 rebaixado.<\/p><p>A fase eliminat\u00f3ria ser\u00e1 composta por quartas de final, semifinal e final, com confrontos tamb\u00e9m em ida e volta. A equipe com a melhor campanha na fase de grupos ter\u00e1 o direito de decidir o segundo jogo em casa.<\/p><p>Nas quartas de final e na semifinal, o time de melhor desempenho ainda contar\u00e1 com a vantagem de se classificar em caso de dois resultados iguais. Na final, se houver empate no placar agregado, o campe\u00e3o ser\u00e1 decidido nos p\u00eanaltis.<\/p><p>Os grupos foram definidos seguindo o crit\u00e9rio de regionaliza\u00e7\u00e3o e ficaram assim:<\/p><p>Grupo A: Boa, Caldense, Guarani, Mamor\u00e9, Patrocinense e Uberaba.<br>Grupo B: Aimor\u00e9s, Coimbra, Democrata, Ipatinga, Val\u00e9rio, Doce&nbsp;e&nbsp;Vila&nbsp;Nova.<\/p><p>Por: Wantuir Silva<\/p><p>Foto: Divulga\u00e7\u00e3o FMF<\/p>","protected":false},"excerpt":{"rendered":"<p>A edi\u00e7\u00e3o do M\u00f3dulo 2 do Campeonato Mineiro de 2026 teve seus primeiros detalhes definidos na quinta-feira, (4), durante o<\/p>\n","protected":false},"author":1,"featured_media":0,"comment_status":"open","ping_status":"open","sticky":false,"template":"","format":"standard","meta":{"colormag_page_container_layout":"default_layout","colormag_page_sidebar_layout":"default_layout","footnotes":""},"categories":[1],"tags":[],"class_list":["post-4448","post","type-post","status-publish","format-standard","hentry","category-sem-categoria"],"_links":{"self":[{"href":"https:\/\/patosesportes.com.br\/index.php?rest_route=\/wp\/v2\/posts\/4448","targetHints":{"allow":["GET"]}}],"collection":[{"href":"https:\/\/patosesportes.com.br\/index.php?rest_route=\/wp\/v2\/posts"}],"about":[{"href":"https:\/\/patosesportes.com.br\/index.php?rest_route=\/wp\/v2\/types\/post"}],"author":[{"embeddable":true,"href":"https:\/\/patosesportes.com.br\/index.php?rest_route=\/wp\/v2\/users\/1"}],"replies":[{"embeddable":true,"href":"https:\/\/patosesportes.com.br\/index.php?rest_route=%2Fwp%2Fv2%2Fcomments&post=4448"}],"version-history":[{"count":1,"href":"https:\/\/patosesportes.com.br\/index.php?rest_route=\/wp\/v2\/posts\/4448\/revisions"}],"predecessor-version":[{"id":4450,"href":"https:\/\/patosesportes.com.br\/index.php?rest_route=\/wp\/v2\/posts\/4448\/revisions\/4450"}],"wp:attachment":[{"href":"https:\/\/patosesportes.com.br\/index.php?rest_route=%2Fwp%2Fv2%2Fmedia&parent=4448"}],"wp:term":[{"taxonomy":"category","embeddable":true,"href":"https:\/\/patosesportes.com.br\/index.php?rest_route=%2Fwp%2Fv2%2Fcategories&post=4448"},{"taxonomy":"post_tag","embeddable":true,"href":"https:\/\/patosesportes.com.br\/index.php?rest_route=%2Fwp%2Fv2%2Ftags&post=4448"}],"curies":[{"name":"wp","href":"https:\/\/api.w.org\/{rel}","templated":true}]}}