{"id":4384,"date":"2025-11-24T10:52:42","date_gmt":"2025-11-24T13:52:42","guid":{"rendered":"https:\/\/patosesportes.com.br\/?p=4384"},"modified":"2026-01-20T17:13:03","modified_gmt":"2026-01-20T20:13:03","slug":"trovao-azul-apresenta-elenco-comissao-tecnica-e-novos-uniformes-para-o-campeonato-mineiro-2026","status":"publish","type":"post","link":"https:\/\/patosesportes.com.br\/?p=4384","title":{"rendered":"Trov\u00e3o Azul apresenta elenco, comiss\u00e3o t\u00e9cnica e novos uniformes para o Campeonato Mineiro 2026"},"content":{"rendered":"<p>Grande movimenta\u00e7\u00e3o e entusiasmo no Est\u00e1dio Zama Maciel no evento especial na quarta-feira (19), o clube apresentou oficialmente o grupo de jogadores, a comiss\u00e3o t\u00e9cnica e os novos uniformes que ser\u00e3o utilizados na disputa do Campeonato Mineiro 2026. A cerim\u00f4nia tamb\u00e9m celebrou o retorno do time a elite do futebol mineiro e refor\u00e7ou o compromisso da diretoria com uma temporada promissora.<\/p><p>Al\u00e9m da apresenta\u00e7\u00e3o do novo uniforme, tr\u00eas atletas rec\u00e9m-chegados Deivid Buiu e W\u00e9sley, foram oficialmente anunciados e j\u00e1 integram a lista de contratados para a temporada 2026.<\/p><p>Outro destaque da noite foi a divulga\u00e7\u00e3o das melhorias estruturais no Zana Maciel. O sistema de ilumina\u00e7\u00e3o do est\u00e1dio passar\u00e1 por um processo de revitaliza\u00e7\u00e3o, garantindo condi\u00e7\u00f5es ideais para os jogos marcados para o per\u00edodo noturno. O gramado tamb\u00e9m receber\u00e1 tratamento especial antes do in\u00edcio da competi\u00e7\u00e3o, previsto para o dia 10 de janeiro.<\/p><p>Jogadores anunciados para 2026<\/p><p>O clube confirmou um grupo de 23 atletas para a disputa do Mineiro:<br>\u2022 Victor Salinas: zagueiro<br>\u2022 Jean Cl\u00e9ber: volante<br>\u2022 Sandro Rios: meio-campista<br>\u2022 Ariel: goleiro<br>\u2022 La\u00e9rcio: meia<br>\u2022 Cezinha: meia ofensivo<br>\u2022 Artur Gazze: goleiro<br>\u2022 Ant\u00f4nio J\u00fanior: zagueiro<br>\u2022 Guilherme Garr\u00e9: meia<br>\u2022 Matheus Baronio: goleiro<br>\u2022 Frederico Andrade: centroavante                                                                                                                                                  \u2022 L\u00e9o Santos: zagueiro<br>\u2022 John Everson: volante<br>\u2022 Gabriel Augusto: lateral-esquerdo<br>\u2022 Igor Vieira: meia<br>\u2022 \u00c1rlen: lateral-direito<br>\u2022 Pedro Henrique (Pedrinho): volante<br>\u2022 Vitor Gottems: lateral-esquerdo<br>\u2022 Leonardo Rolon: atacante<br>\u2022 Bruninho: atacante<br>\u2022 David Buiu: atacante<br>\u2022 Wesley Iago: atacante<br>\u2022 Ditinho: atacante<\/p><p>A noite tamb\u00e9m reservou espa\u00e7o para celebrar a volta de Ditinho, \u00eddolo do clube, que aos 53 anos retorna para mais uma temporada defendendo o Trov\u00e3o Azul. Em 2025, ele participou da reta final do M\u00f3dulo 2, entrando em campo em tr\u00eas partidas. Ditinho soma 101 gols pelo clube em 209 jogos disputados, consolidando seu nome na hist\u00f3ria da equipe.<\/p><p>Comiss\u00e3o t\u00e9cnica:<\/p><p>A diretoria apresentou ainda os profissionais que estar\u00e3o \u00e0 frente da equipe em 2026:<br>\u2022 Diretor de Futebol: Eduardo Dutra (substituindo Fl\u00e1vio Alves, que deixou o clube em novembro)<br>\u2022 Supervisor de Futebol: Marcelo Augusto<br>\u2022 T\u00e9cnico: Itor Roque<br>\u2022 Auxiliar T\u00e9cnico: Eduardo Mineiro<br>\u2022 Preparador F\u00edsico: Felipe Pires<br>\u2022 Preparador de Goleiros: Ramon Ferreira<br>\u2022 Analista de Desempenho: Luiz Henrique<br>\u2022 Administrador de Vesti\u00e1rio: Renato Carvalho<br>\u2022 Fisioterapeuta: Ricardo Mineiros<br>\u2022 Massagista: M\u00e1rcio Cora\u00e7\u00e3o     <\/p><p>Por: Wantuir Silva                                                                                                                                                                           Foto: Divulga\u00e7\u00e3o URT<\/p>","protected":false},"excerpt":{"rendered":"<p>Grande movimenta\u00e7\u00e3o e entusiasmo no Est\u00e1dio Zama Maciel no evento especial na quarta-feira (19), o clube apresentou oficialmente o grupo<\/p>\n","protected":false},"author":1,"featured_media":0,"comment_status":"open","ping_status":"open","sticky":false,"template":"","format":"standard","meta":{"colormag_page_container_layout":"default_layout","colormag_page_sidebar_layout":"default_layout","footnotes":""},"categories":[7],"tags":[],"class_list":["post-4384","post","type-post","status-publish","format-standard","hentry","category-urt"],"_links":{"self":[{"href":"https:\/\/patosesportes.com.br\/index.php?rest_route=\/wp\/v2\/posts\/4384","targetHints":{"allow":["GET"]}}],"collection":[{"href":"https:\/\/patosesportes.com.br\/index.php?rest_route=\/wp\/v2\/posts"}],"about":[{"href":"https:\/\/patosesportes.com.br\/index.php?rest_route=\/wp\/v2\/types\/post"}],"author":[{"embeddable":true,"href":"https:\/\/patosesportes.com.br\/index.php?rest_route=\/wp\/v2\/users\/1"}],"replies":[{"embeddable":true,"href":"https:\/\/patosesportes.com.br\/index.php?rest_route=%2Fwp%2Fv2%2Fcomments&post=4384"}],"version-history":[{"count":2,"href":"https:\/\/patosesportes.com.br\/index.php?rest_route=\/wp\/v2\/posts\/4384\/revisions"}],"predecessor-version":[{"id":4388,"href":"https:\/\/patosesportes.com.br\/index.php?rest_route=\/wp\/v2\/posts\/4384\/revisions\/4388"}],"wp:attachment":[{"href":"https:\/\/patosesportes.com.br\/index.php?rest_route=%2Fwp%2Fv2%2Fmedia&parent=4384"}],"wp:term":[{"taxonomy":"category","embeddable":true,"href":"https:\/\/patosesportes.com.br\/index.php?rest_route=%2Fwp%2Fv2%2Fcategories&post=4384"},{"taxonomy":"post_tag","embeddable":true,"href":"https:\/\/patosesportes.com.br\/index.php?rest_route=%2Fwp%2Fv2%2Ftags&post=4384"}],"curies":[{"name":"wp","href":"https:\/\/api.w.org\/{rel}","templated":true}]}}