{"id":4180,"date":"2025-11-05T16:30:29","date_gmt":"2025-11-05T19:30:29","guid":{"rendered":"https:\/\/patosesportes.com.br\/?p=4180"},"modified":"2025-11-05T17:49:35","modified_gmt":"2025-11-05T20:49:35","slug":"domingo-e-dia-de-decisao-da-copa-regional-mirim-lpd","status":"publish","type":"post","link":"https:\/\/patosesportes.com.br\/?p=4180","title":{"rendered":"Domingo \u00e9 dia de decis\u00e3o da Copa Regional Mirim\u00a0\u2013\u00a0LPD"},"content":{"rendered":"<p>A Liga Patense Desportos convida todos para acompanhar as finais da Copa Regional Mirim, que acontecem neste domingo, dia 9, na cidade de Patos de Minas no est\u00e1dio Bernardo Rubinger. Ser\u00e1 um dia de grandes disputas e muito esporte, reunindo atletas das categorias de base em jogos decisivos.<\/p><p>Programa\u00e7\u00e3o dos Jogos:<br>Categoria Pr\u00e9-Mirim \u2013 08h30<br>Bola de Ouro x Integrar<br>Categoria Mirim \u2013 09h30<br>Ponte de Terra Tenes Clube x Projeto Varj\u00e3o + Vida DB<br>Categoria Infantil \u2013 10h30<br>Bola de Ouro x Show de Bola<\/p><p>Por: Wantuir Silva<\/p><p>Foto: Foto: Divulga\u00e7\u00e3o &#8211; Portal ao Vivo  <\/p>","protected":false},"excerpt":{"rendered":"<p>A Liga Patense Desportos convida todos para acompanhar as finais da Copa Regional Mirim, que acontecem neste domingo, dia 9,<\/p>\n","protected":false},"author":1,"featured_media":0,"comment_status":"open","ping_status":"open","sticky":false,"template":"","format":"standard","meta":{"colormag_page_container_layout":"default_layout","colormag_page_sidebar_layout":"default_layout","footnotes":""},"categories":[3],"tags":[],"class_list":["post-4180","post","type-post","status-publish","format-standard","hentry","category-geral"],"_links":{"self":[{"href":"https:\/\/patosesportes.com.br\/index.php?rest_route=\/wp\/v2\/posts\/4180","targetHints":{"allow":["GET"]}}],"collection":[{"href":"https:\/\/patosesportes.com.br\/index.php?rest_route=\/wp\/v2\/posts"}],"about":[{"href":"https:\/\/patosesportes.com.br\/index.php?rest_route=\/wp\/v2\/types\/post"}],"author":[{"embeddable":true,"href":"https:\/\/patosesportes.com.br\/index.php?rest_route=\/wp\/v2\/users\/1"}],"replies":[{"embeddable":true,"href":"https:\/\/patosesportes.com.br\/index.php?rest_route=%2Fwp%2Fv2%2Fcomments&post=4180"}],"version-history":[{"count":3,"href":"https:\/\/patosesportes.com.br\/index.php?rest_route=\/wp\/v2\/posts\/4180\/revisions"}],"predecessor-version":[{"id":4196,"href":"https:\/\/patosesportes.com.br\/index.php?rest_route=\/wp\/v2\/posts\/4180\/revisions\/4196"}],"wp:attachment":[{"href":"https:\/\/patosesportes.com.br\/index.php?rest_route=%2Fwp%2Fv2%2Fmedia&parent=4180"}],"wp:term":[{"taxonomy":"category","embeddable":true,"href":"https:\/\/patosesportes.com.br\/index.php?rest_route=%2Fwp%2Fv2%2Fcategories&post=4180"},{"taxonomy":"post_tag","embeddable":true,"href":"https:\/\/patosesportes.com.br\/index.php?rest_route=%2Fwp%2Fv2%2Ftags&post=4180"}],"curies":[{"name":"wp","href":"https:\/\/api.w.org\/{rel}","templated":true}]}}