{"id":4145,"date":"2025-10-30T17:16:37","date_gmt":"2025-10-30T20:16:37","guid":{"rendered":"https:\/\/patosesportes.com.br\/?p=4145"},"modified":"2025-10-30T21:43:17","modified_gmt":"2025-10-31T00:43:17","slug":"marcelo-reis-e-reeleito-presidente-do-marmore-para-novo-mandato-de-dois-anos","status":"publish","type":"post","link":"https:\/\/patosesportes.com.br\/?p=4145","title":{"rendered":"Marcelo Reis \u00e9 reeleito presidente do Marmor\u00e9 para novo mandato de dois anos"},"content":{"rendered":"<p>O Marmor\u00e9 realizou, no dia 22 de outubro, a elei\u00e7\u00e3o para escolha da nova diretoria executiva, confirmando a reelei\u00e7\u00e3o de Marcelo Reis \u00e0 presid\u00eancia do clube. Marcelo obteve 19 dos 20 votos apurados, alcan\u00e7ando 95% de aprova\u00e7\u00e3o entre os conselheiros.<\/p><p>A vota\u00e7\u00e3o aconteceu no Est\u00e1dio Bernardo Rubinger, sede oficial do clube. Marcelo Reis, que havia sido eleito pela primeira vez em 29 de dezembro de 2023, quando recebeu 78% dos votos, seguir\u00e1 agora para um novo mandato de dois anos \u00e0 frente do Mamor\u00e9.<\/p><p>Os vice-presidentes tamb\u00e9m permanecem nos cargos: Edson Mendes dos Reis (primeiro vice) e Valdir Braga (segundo vice). A sess\u00e3o eleitoral foi dirigida pelo Dr. Paulo Ricardo Braga, Dr. Cardim, e contou ainda com a participa\u00e7\u00e3o do diretor jur\u00eddico, Dr. Alexandre Carlos Moreira.<\/p><p>Entre as novidades da pr\u00f3xima gest\u00e3o est\u00e1 o avan\u00e7o nas tratativas para a constitui\u00e7\u00e3o da Sociedade An\u00f4nima do Futebol (SAF) do Mamor\u00e9. A proposta apresentada pela empresa BM9, do empres\u00e1rio Bruno Mineiro, j\u00e1 teve todos os detalhes ajustados, restando apenas a assinatura do contrato, prevista para as pr\u00f3ximas semanas. A minuta do acordo foi elaborada pelo departamento jur\u00eddico do clube e aguarda para aprova\u00e7\u00e3o final.<\/p><p>Enquanto isso, Marcelo Reis e sua diretoria j\u00e1 iniciam o planejamento para 2026, com foco em reformas no Est\u00e1dio Bernardo Rubinger, fortalecimento das categorias de base e montagem da equipe que disputar\u00e1 o M\u00f3dulo 2 do Campeonato Mineiro.<\/p><p>\u201cSeguimos firmes no prop\u00f3sito de fortalecer o Mamor\u00e9 dentro e fora de campo. A uni\u00e3o da diretoria e o apoio da torcida ser\u00e3o fundamentais nessa nova etapa\u201d, destacou\u00a0Marcelo\u00a0Reis.<\/p><p>Por: Wantuir Silva<\/p><p>Foto: Divulga\u00e7\u00e3o Mamor\u00e9<\/p><p><\/p>","protected":false},"excerpt":{"rendered":"<p>O Marmor\u00e9 realizou, no dia 22 de outubro, a elei\u00e7\u00e3o para escolha da nova diretoria executiva, confirmando a reelei\u00e7\u00e3o de<\/p>\n","protected":false},"author":1,"featured_media":0,"comment_status":"open","ping_status":"open","sticky":false,"template":"","format":"standard","meta":{"colormag_page_container_layout":"default_layout","colormag_page_sidebar_layout":"default_layout","footnotes":""},"categories":[8],"tags":[],"class_list":["post-4145","post","type-post","status-publish","format-standard","hentry","category-mamore"],"_links":{"self":[{"href":"https:\/\/patosesportes.com.br\/index.php?rest_route=\/wp\/v2\/posts\/4145","targetHints":{"allow":["GET"]}}],"collection":[{"href":"https:\/\/patosesportes.com.br\/index.php?rest_route=\/wp\/v2\/posts"}],"about":[{"href":"https:\/\/patosesportes.com.br\/index.php?rest_route=\/wp\/v2\/types\/post"}],"author":[{"embeddable":true,"href":"https:\/\/patosesportes.com.br\/index.php?rest_route=\/wp\/v2\/users\/1"}],"replies":[{"embeddable":true,"href":"https:\/\/patosesportes.com.br\/index.php?rest_route=%2Fwp%2Fv2%2Fcomments&post=4145"}],"version-history":[{"count":4,"href":"https:\/\/patosesportes.com.br\/index.php?rest_route=\/wp\/v2\/posts\/4145\/revisions"}],"predecessor-version":[{"id":4153,"href":"https:\/\/patosesportes.com.br\/index.php?rest_route=\/wp\/v2\/posts\/4145\/revisions\/4153"}],"wp:attachment":[{"href":"https:\/\/patosesportes.com.br\/index.php?rest_route=%2Fwp%2Fv2%2Fmedia&parent=4145"}],"wp:term":[{"taxonomy":"category","embeddable":true,"href":"https:\/\/patosesportes.com.br\/index.php?rest_route=%2Fwp%2Fv2%2Fcategories&post=4145"},{"taxonomy":"post_tag","embeddable":true,"href":"https:\/\/patosesportes.com.br\/index.php?rest_route=%2Fwp%2Fv2%2Ftags&post=4145"}],"curies":[{"name":"wp","href":"https:\/\/api.w.org\/{rel}","templated":true}]}}