{"id":4140,"date":"2025-10-29T17:38:21","date_gmt":"2025-10-29T20:38:21","guid":{"rendered":"https:\/\/patosesportes.com.br\/?p=4140"},"modified":"2025-10-30T17:33:24","modified_gmt":"2025-10-30T20:33:24","slug":"urt-anuncia-retornos-e-reforcos-para-a-disputa-do-modulo-i-do-mineiro","status":"publish","type":"post","link":"https:\/\/patosesportes.com.br\/?p=4140","title":{"rendered":"URT anuncia retornos e refor\u00e7os para a disputa do M\u00f3dulo I do Mineiro"},"content":{"rendered":"<p>A Uni\u00e3o Recreativa dos Trabalhadores (URT) segue se preparando para a disputa do Campeonato Mineiro do M\u00f3dulo I, e anunciou uma s\u00e9rie de retornos e contrata\u00e7\u00f5es, al\u00e9m da chegada de integrantes \u00e0 comiss\u00e3o t\u00e9cnica e \u00e0 equipe de gest\u00e3o do futebol.<\/p><p>O clube confirmou o retorno do executivo de futebol Fl\u00e1vio Alves, do supervisor Marcelo Augusto e do t\u00e9cnico Itor Roque, que comandar\u00e1 o time na temporada. A equipe tamb\u00e9m contar\u00e1 com o trabalho do assessor de imprensa Guilherme Magalh\u00e3es, que se junta ao departamento de comunica\u00e7\u00e3o do Trov\u00e3o Azul.<\/p><p>Dentro de campo, a URT j\u00e1 anunciou jogadores que est\u00e3o contratados e prontos para o in\u00edcio dos treinamentos. O zagueiro Vitor Salinas, que defendeu o clube nas temporadas de 2017 e 2018, quando disputou o Campeonato Brasileiro da S\u00e9rie D e o Campeonato Mineiro, est\u00e1 de volta. Outro retorno confirmado \u00e9 o do zagueiro Ant\u00f4nio J\u00fanior, de 24 anos, que volta a vestir a camisa celeste.<\/p><p>O elenco tamb\u00e9m contar\u00e1 com o experiente goleiro Ariel, velho conhecido e \u00eddolo da torcida, al\u00e9m do meio-campista La\u00e9rcio, de 26 anos, e do atacante Cezinha, outro jogador querido pela torcida que retorna ao clube.<\/p><p>Em prepara\u00e7\u00e3o para o in\u00edcio da competi\u00e7\u00e3o, a Federa\u00e7\u00e3o Mineira de Futebol (FMF) realizou uma visita t\u00e9cnica ao est\u00e1dio Zama Maciel, conferindo os \u00faltimos detalhes estruturais exigidos para a disputa do campeonato. Foram vistoriados locais como a sala e cabine do VAR, vesti\u00e1rios, sala de doping, \u00e1rea e sala de imprensa, camarotes e gramado.<\/p><p>Com a base da estrutura aprovada e o elenco sendo montado, a URT refor\u00e7a seu compromisso com um trabalho s\u00f3lido e competitivo para representar Patos de Minas e sua torcida no M\u00f3dulo I do Campeonato&nbsp;Mineiro.<\/p><p>A URT est\u00e1 organizando o lan\u00e7amento oficial da temporada 2026. O evento marcar\u00e1 o in\u00edcio de um novo ciclo de conquistas e contar\u00e1 com a presen\u00e7a da comiss\u00e3o t\u00e9cnica, jogadores e convidados especiais.<\/p><p>Durante a cerim\u00f4nia, ser\u00e1 apresentado o novo uniforme oficial da temporada, simbolizando a uni\u00e3o, a for\u00e7a e o esp\u00edrito de equipe que definem a URT.<br>Este ser\u00e1 um momento de celebra\u00e7\u00e3o, reencontros e, acima de tudo, de renova\u00e7\u00e3o das expectativas para mais um ano de grandes desafios&nbsp;e&nbsp;vit\u00f3rias.<\/p><p>Por: Wantuir Silva<\/p><p>Foto: Divulga\u00e7\u00e3o URT<\/p><p><\/p>","protected":false},"excerpt":{"rendered":"<p>A Uni\u00e3o Recreativa dos Trabalhadores (URT) segue se preparando para a disputa do Campeonato Mineiro do M\u00f3dulo I, e anunciou<\/p>\n","protected":false},"author":1,"featured_media":0,"comment_status":"open","ping_status":"open","sticky":false,"template":"","format":"standard","meta":{"colormag_page_container_layout":"default_layout","colormag_page_sidebar_layout":"default_layout","footnotes":""},"categories":[7],"tags":[],"class_list":["post-4140","post","type-post","status-publish","format-standard","hentry","category-urt"],"_links":{"self":[{"href":"https:\/\/patosesportes.com.br\/index.php?rest_route=\/wp\/v2\/posts\/4140","targetHints":{"allow":["GET"]}}],"collection":[{"href":"https:\/\/patosesportes.com.br\/index.php?rest_route=\/wp\/v2\/posts"}],"about":[{"href":"https:\/\/patosesportes.com.br\/index.php?rest_route=\/wp\/v2\/types\/post"}],"author":[{"embeddable":true,"href":"https:\/\/patosesportes.com.br\/index.php?rest_route=\/wp\/v2\/users\/1"}],"replies":[{"embeddable":true,"href":"https:\/\/patosesportes.com.br\/index.php?rest_route=%2Fwp%2Fv2%2Fcomments&post=4140"}],"version-history":[{"count":3,"href":"https:\/\/patosesportes.com.br\/index.php?rest_route=\/wp\/v2\/posts\/4140\/revisions"}],"predecessor-version":[{"id":4149,"href":"https:\/\/patosesportes.com.br\/index.php?rest_route=\/wp\/v2\/posts\/4140\/revisions\/4149"}],"wp:attachment":[{"href":"https:\/\/patosesportes.com.br\/index.php?rest_route=%2Fwp%2Fv2%2Fmedia&parent=4140"}],"wp:term":[{"taxonomy":"category","embeddable":true,"href":"https:\/\/patosesportes.com.br\/index.php?rest_route=%2Fwp%2Fv2%2Fcategories&post=4140"},{"taxonomy":"post_tag","embeddable":true,"href":"https:\/\/patosesportes.com.br\/index.php?rest_route=%2Fwp%2Fv2%2Ftags&post=4140"}],"curies":[{"name":"wp","href":"https:\/\/api.w.org\/{rel}","templated":true}]}}