{"id":3959,"date":"2025-09-16T15:54:31","date_gmt":"2025-09-16T18:54:31","guid":{"rendered":"https:\/\/patosesportes.com.br\/?p=3959"},"modified":"2025-09-16T16:19:38","modified_gmt":"2025-09-16T19:19:38","slug":"a-urt-confirmou-oficialmente-a-volta-do-tecnico-ito-roque-para-comandar-a-equipe-no-campeonato-mineiro-de-2026","status":"publish","type":"post","link":"https:\/\/patosesportes.com.br\/?p=3959","title":{"rendered":"A URT confirmou oficialmente a volta do t\u00e9cnico Ito Roque para comandar a equipe no Campeonato Mineiro de 2026."},"content":{"rendered":"<p>O treinador foi o respons\u00e1vel por conduzir o Trov\u00e3o Azul ao acesso no M\u00f3dulo II em 2025, ap\u00f3s campanha s\u00f3lida que recolocou o clube na elite do futebol estadual.<\/p><p>Na \u00faltima temporada, Ito Roque esteve \u00e0 frente da URT em seis partidas, conquistando cinco vit\u00f3rias \u2013 incluindo cl\u00e1ssicos diante do Mamor\u00e9 e da Caldense, al\u00e9m do triunfo contra o Ipatinga em Patos de Minas. A \u00fanica derrota aconteceu para o Varginha, tamb\u00e9m em casa, pelo placar de 2 a 1, j\u00e1 na fase de triangulares.<\/p><p>Essa ser\u00e1 a terceira passagem do treinador pelo clube. Em sua primeira oportunidade, no ano de 2020, ele disputou nove jogos, obtendo cinco vit\u00f3rias, um empate e tr\u00eas derrotas. Ao todo, Ito Roque soma 15 partidas oficiais no comando da URT.<\/p><p>A diretoria informou ainda que a comiss\u00e3o t\u00e9cnica ser\u00e1 mantida, com o retorno do executivo de futebol Fl\u00e1vio Alves e do supervisor Marcelo Augusto ao final da disputa do Campeonato Mineiro da Terceira Divis\u00e3o, competi\u00e7\u00e3o que ambos est\u00e3o atualmente disputando pelo Paracatu.<\/p><p>Com o trabalho de Ito Roque confirmado, a expectativa em Patos de Minas \u00e9 de uma campanha s\u00f3lida na primeira divis\u00e3o estadual, mantendo a confian\u00e7a e o embalo conquistados&nbsp;em&nbsp;2025.<\/p><p>Por: Wantuir Silva<\/p><p>Foto: Divulga\u00e7\u00e3o URT<\/p>","protected":false},"excerpt":{"rendered":"<p>O treinador foi o respons\u00e1vel por conduzir o Trov\u00e3o Azul ao acesso no M\u00f3dulo II em 2025, ap\u00f3s campanha s\u00f3lida<\/p>\n","protected":false},"author":1,"featured_media":0,"comment_status":"open","ping_status":"open","sticky":false,"template":"","format":"standard","meta":{"colormag_page_container_layout":"default_layout","colormag_page_sidebar_layout":"default_layout","footnotes":""},"categories":[7],"tags":[],"class_list":["post-3959","post","type-post","status-publish","format-standard","hentry","category-urt"],"_links":{"self":[{"href":"https:\/\/patosesportes.com.br\/index.php?rest_route=\/wp\/v2\/posts\/3959","targetHints":{"allow":["GET"]}}],"collection":[{"href":"https:\/\/patosesportes.com.br\/index.php?rest_route=\/wp\/v2\/posts"}],"about":[{"href":"https:\/\/patosesportes.com.br\/index.php?rest_route=\/wp\/v2\/types\/post"}],"author":[{"embeddable":true,"href":"https:\/\/patosesportes.com.br\/index.php?rest_route=\/wp\/v2\/users\/1"}],"replies":[{"embeddable":true,"href":"https:\/\/patosesportes.com.br\/index.php?rest_route=%2Fwp%2Fv2%2Fcomments&post=3959"}],"version-history":[{"count":1,"href":"https:\/\/patosesportes.com.br\/index.php?rest_route=\/wp\/v2\/posts\/3959\/revisions"}],"predecessor-version":[{"id":3961,"href":"https:\/\/patosesportes.com.br\/index.php?rest_route=\/wp\/v2\/posts\/3959\/revisions\/3961"}],"wp:attachment":[{"href":"https:\/\/patosesportes.com.br\/index.php?rest_route=%2Fwp%2Fv2%2Fmedia&parent=3959"}],"wp:term":[{"taxonomy":"category","embeddable":true,"href":"https:\/\/patosesportes.com.br\/index.php?rest_route=%2Fwp%2Fv2%2Fcategories&post=3959"},{"taxonomy":"post_tag","embeddable":true,"href":"https:\/\/patosesportes.com.br\/index.php?rest_route=%2Fwp%2Fv2%2Ftags&post=3959"}],"curies":[{"name":"wp","href":"https:\/\/api.w.org\/{rel}","templated":true}]}}