{"id":3901,"date":"2025-09-09T15:40:31","date_gmt":"2025-09-09T18:40:31","guid":{"rendered":"https:\/\/patosesportes.com.br\/?p=3901"},"modified":"2025-09-10T10:15:07","modified_gmt":"2025-09-10T13:15:07","slug":"praca-ceu-celebra-10-anos-de-historia-com-programacao-especial","status":"publish","type":"post","link":"https:\/\/patosesportes.com.br\/?p=3901","title":{"rendered":"Pra\u00e7a CEU celebra 10 anos de hist\u00f3ria com programa\u00e7\u00e3o especial"},"content":{"rendered":"<p>No \u00faltimo s\u00e1bado (6\/9), a Pra\u00e7a CEU comemorou uma d\u00e9cada de exist\u00eancia com um evento marcado por apresenta\u00e7\u00f5es de teatro, dan\u00e7a, capoeira, atividades esportivas e muito mais. Inaugurado em 2015, o espa\u00e7o foi criado para oferecer cultura, esporte e lazer de forma acess\u00edvel, promovendo inclus\u00e3o e conviv\u00eancia. Ao longo desses dez&nbsp;anos, tornou-se modelo em atividades culturais e esportivas,&nbsp;oferecendo oportunidades de aprendizado e fortalecendo os v\u00ednculos comunit\u00e1rios.<\/p><p>A celebra\u00e7\u00e3o foi tamb\u00e9m um momento de reconhecimento \u00e0 comunidade, aos volunt\u00e1rios e a todos que contribuem para manter viva a proposta da Pra\u00e7a CEU. O coordenador do programa Wantuir Silva destacou a import\u00e2ncia do centro: &#8220;Esse espa\u00e7o nasceu com o prop\u00f3sito de ser inclusivo, de abrir portas e criar oportunidades,&nbsp;e hoje podemos afirmar que ele cumpriu e continua cumprindo essa miss\u00e3o. Celebrar os dez anos da Pra\u00e7a CEU \u00e9 reconhecer a for\u00e7a da cultura, do esporte e do lazer como ferramentas de transforma\u00e7\u00e3o social.&#8221;<br><br>A Prefeitura de Patos de Minas, por meio da Secretaria de Cultura, Turismo, Esporte e Lazer, ressalta que o espa\u00e7o se consolidou como refer\u00eancia cultural, esportiva e social, permanecendo como s\u00edmbolo de uni\u00e3o e oportunidades.<\/p><figure class=\"wp-block-gallery has-nested-images columns-default is-cropped wp-block-gallery-1 is-layout-flex wp-block-gallery-is-layout-flex\"><figure class=\"wp-block-image size-large\"><img decoding=\"async\" data-id=\"3940\" src=\"https:\/\/patosesportes.com.br\/wp-content\/uploads\/2025\/09\/Imagem-do-WhatsApp-de-2025-09-08-as-15.50.30_4f4497f3-2-768x1024.jpg\" alt=\"\" class=\"wp-image-3940\"\/><\/figure>\n\n<figure class=\"wp-block-image size-large\"><img decoding=\"async\" data-id=\"3932\" src=\"https:\/\/patosesportes.com.br\/wp-content\/uploads\/2025\/09\/Imagem-do-WhatsApp-de-2025-09-08-as-15.50.56_1fb59a37-2-768x1024.jpg\" alt=\"\" class=\"wp-image-3932\"\/><\/figure><\/figure><figure class=\"wp-block-gallery has-nested-images columns-default is-cropped wp-block-gallery-2 is-layout-flex wp-block-gallery-is-layout-flex\"><figure class=\"wp-block-image size-large\"><img decoding=\"async\" data-id=\"3929\" src=\"https:\/\/patosesportes.com.br\/wp-content\/uploads\/2025\/09\/Imagem-do-WhatsApp-de-2025-09-08-as-15.52.45_3754b4be-2-768x1024.jpg\" alt=\"\" class=\"wp-image-3929\"\/><\/figure>\n\n<figure class=\"wp-block-image size-large\"><img decoding=\"async\" data-id=\"3931\" src=\"https:\/\/patosesportes.com.br\/wp-content\/uploads\/2025\/09\/Imagem-do-WhatsApp-de-2025-09-08-as-15.52.17_2aa31502-2-768x1024.jpg\" alt=\"\" class=\"wp-image-3931\"\/><\/figure><\/figure><figure class=\"wp-block-gallery has-nested-images columns-default is-cropped wp-block-gallery-3 is-layout-flex wp-block-gallery-is-layout-flex\"><figure class=\"wp-block-image size-large\"><img fetchpriority=\"high\" decoding=\"async\" width=\"768\" height=\"1024\" data-id=\"3927\" src=\"https:\/\/patosesportes.com.br\/wp-content\/uploads\/2025\/09\/Imagem-do-WhatsApp-de-2025-09-09-as-16.25.51_7a875e1a-768x1024.jpg\" alt=\"\" class=\"wp-image-3927\" srcset=\"https:\/\/patosesportes.com.br\/wp-content\/uploads\/2025\/09\/Imagem-do-WhatsApp-de-2025-09-09-as-16.25.51_7a875e1a-768x1024.jpg 768w, https:\/\/patosesportes.com.br\/wp-content\/uploads\/2025\/09\/Imagem-do-WhatsApp-de-2025-09-09-as-16.25.51_7a875e1a-600x800.jpg 600w, https:\/\/patosesportes.com.br\/wp-content\/uploads\/2025\/09\/Imagem-do-WhatsApp-de-2025-09-09-as-16.25.51_7a875e1a-225x300.jpg 225w, https:\/\/patosesportes.com.br\/wp-content\/uploads\/2025\/09\/Imagem-do-WhatsApp-de-2025-09-09-as-16.25.51_7a875e1a.jpg 960w\" sizes=\"(max-width: 768px) 100vw, 768px\" \/><\/figure>\n\n<figure class=\"wp-block-image size-large\"><img decoding=\"async\" data-id=\"3926\" src=\"https:\/\/patosesportes.com.br\/wp-content\/uploads\/2025\/09\/Imagem-do-WhatsApp-de-2025-09-08-as-15.51.57_6fd78197-1-768x1024.jpg\" alt=\"\" class=\"wp-image-3926\"\/><\/figure><\/figure><p>Fonte: ASCOM<\/p><p>Fotos: Wantuir Silva<\/p>","protected":false},"excerpt":{"rendered":"<p>No \u00faltimo s\u00e1bado (6\/9), a Pra\u00e7a CEU comemorou uma d\u00e9cada de exist\u00eancia com um evento marcado por apresenta\u00e7\u00f5es de teatro,<\/p>\n","protected":false},"author":1,"featured_media":0,"comment_status":"open","ping_status":"open","sticky":false,"template":"","format":"standard","meta":{"colormag_page_container_layout":"default_layout","colormag_page_sidebar_layout":"default_layout","footnotes":""},"categories":[3],"tags":[],"class_list":["post-3901","post","type-post","status-publish","format-standard","hentry","category-geral"],"_links":{"self":[{"href":"https:\/\/patosesportes.com.br\/index.php?rest_route=\/wp\/v2\/posts\/3901","targetHints":{"allow":["GET"]}}],"collection":[{"href":"https:\/\/patosesportes.com.br\/index.php?rest_route=\/wp\/v2\/posts"}],"about":[{"href":"https:\/\/patosesportes.com.br\/index.php?rest_route=\/wp\/v2\/types\/post"}],"author":[{"embeddable":true,"href":"https:\/\/patosesportes.com.br\/index.php?rest_route=\/wp\/v2\/users\/1"}],"replies":[{"embeddable":true,"href":"https:\/\/patosesportes.com.br\/index.php?rest_route=%2Fwp%2Fv2%2Fcomments&post=3901"}],"version-history":[{"count":4,"href":"https:\/\/patosesportes.com.br\/index.php?rest_route=\/wp\/v2\/posts\/3901\/revisions"}],"predecessor-version":[{"id":3950,"href":"https:\/\/patosesportes.com.br\/index.php?rest_route=\/wp\/v2\/posts\/3901\/revisions\/3950"}],"wp:attachment":[{"href":"https:\/\/patosesportes.com.br\/index.php?rest_route=%2Fwp%2Fv2%2Fmedia&parent=3901"}],"wp:term":[{"taxonomy":"category","embeddable":true,"href":"https:\/\/patosesportes.com.br\/index.php?rest_route=%2Fwp%2Fv2%2Fcategories&post=3901"},{"taxonomy":"post_tag","embeddable":true,"href":"https:\/\/patosesportes.com.br\/index.php?rest_route=%2Fwp%2Fv2%2Ftags&post=3901"}],"curies":[{"name":"wp","href":"https:\/\/api.w.org\/{rel}","templated":true}]}}