{"id":3842,"date":"2025-08-18T09:00:32","date_gmt":"2025-08-18T12:00:32","guid":{"rendered":"https:\/\/patosesportes.com.br\/?p=3842"},"modified":"2025-08-18T09:39:03","modified_gmt":"2025-08-18T12:39:03","slug":"minas-cup-2025-emocao-titulos-e-revelacao-de-talentos-em-patos-de-minas","status":"publish","type":"post","link":"https:\/\/patosesportes.com.br\/?p=3842","title":{"rendered":"MINASCUP 2025: emo\u00e7\u00e3o, t\u00edtulos e revela\u00e7\u00e3o de talentos em\u00a0Patos\u00a0de\u00a0Minas"},"content":{"rendered":"<p>A 5\u00aa edi\u00e7\u00e3o da MINASCUP, realizada entre os dias 15 e 17 de agosto de 2025, em Patos de Minas (MG), reuniu jovens talentos do futebol de base em disputas emocionantes. O torneio foi marcado por equil\u00edbrio, partidas decididas nos detalhes e finais eletrizantes.<\/p><p>Resultados em destaque<\/p><p>Categoria Sub-10<br>\u2022 Tradi\u00e7\u00e3o 2 x 2 UDIFootball<br>Nos p\u00eanaltis: UDIFootball 3 x 2 Tradi\u00e7\u00e3o<br>(Partida emocionante, decidida apenas nas cobran\u00e7as de penalidade)<br>\u2022 Thiago Dantas 1 x 3 Show de Bola<br>O Show de Bola confirmou a boa fase e venceu com autoridade.<\/p><p>Categoria Sub-14<br>\u2022 UDIFootball 1 x 0 NK12<br>Em jogo equilibrado, o UDIFootball levou a melhor com placar m\u00ednimo, mostrando for\u00e7a defensiva e efici\u00eancia.<\/p><p>Finais<\/p><p>Sub-8<br>\u2022 Integrar 1 x 1 Bola de Ouro<br>Nos p\u00eanaltis: Integrar 6 x 5 Bola de Ouro<br>(Uma final inesquec\u00edvel, decidida nas cobran\u00e7as de penalidade, com grande destaque para os pequenos goleiros).<\/p><p>Sub-10<br>\u2022 Pratas da Casa 0 x 1 UDIFootball<br>O UDIFootball mostrou consist\u00eancia durante todo o torneio e confirmou o t\u00edtulo com uma vit\u00f3ria segura na decis\u00e3o.<\/p><p>Sub-11<br>\u2022 Show de Bola 1 x 2 Gol de Placa<br>Em uma final movimentada, o Gol de Placa superou o Show de Bola e ficou com a ta\u00e7a.<\/p><p>Conclus\u00e3o<\/p><p>A MINASCUP 2025 reafirmou sua import\u00e2ncia como palco de revela\u00e7\u00e3o de talentos do futebol de base.<br>\u2022 O UDIFootball foi um dos grandes destaques, conquistando o t\u00edtulo no Sub-10 e vencendo jogos decisivos tamb\u00e9m em outras categorias.<br>\u2022 O Integrar brilhou na final do Sub-8, mostrando for\u00e7a coletiva.<br>\u2022 O Gol de Placa se sagrou campe\u00e3o no Sub-11, diante de uma final eletrizante.<\/p><p>Com partidas equilibradas, decis\u00f5es nos p\u00eanaltis e a vibra\u00e7\u00e3o das torcidas, Patos de Minas viveu um fim de semana inesquec\u00edvel de futebol de base.<\/p><figure class=\"wp-block-gallery has-nested-images columns-default is-cropped wp-block-gallery-1 is-layout-flex wp-block-gallery-is-layout-flex\"><figure class=\"wp-block-image size-large\"><img fetchpriority=\"high\" decoding=\"async\" width=\"801\" height=\"1024\" data-id=\"3851\" src=\"https:\/\/patosesportes.com.br\/wp-content\/uploads\/2025\/08\/Imagem-do-WhatsApp-de-2025-08-18-as-09.25.35_e03dfb93-801x1024.jpg\" alt=\"\" class=\"wp-image-3851\" srcset=\"https:\/\/patosesportes.com.br\/wp-content\/uploads\/2025\/08\/Imagem-do-WhatsApp-de-2025-08-18-as-09.25.35_e03dfb93-801x1024.jpg 801w, https:\/\/patosesportes.com.br\/wp-content\/uploads\/2025\/08\/Imagem-do-WhatsApp-de-2025-08-18-as-09.25.35_e03dfb93-600x767.jpg 600w, https:\/\/patosesportes.com.br\/wp-content\/uploads\/2025\/08\/Imagem-do-WhatsApp-de-2025-08-18-as-09.25.35_e03dfb93-235x300.jpg 235w, https:\/\/patosesportes.com.br\/wp-content\/uploads\/2025\/08\/Imagem-do-WhatsApp-de-2025-08-18-as-09.25.35_e03dfb93-768x982.jpg 768w, https:\/\/patosesportes.com.br\/wp-content\/uploads\/2025\/08\/Imagem-do-WhatsApp-de-2025-08-18-as-09.25.35_e03dfb93.jpg 828w\" sizes=\"(max-width: 801px) 100vw, 801px\" \/><\/figure><\/figure><p>Agradecimento e Parabeniza\u00e7\u00e3o<\/p><p>Em nome de todos os atletas, familiares e apaixonados pelo futebol de base, queremos parabenizar e agradecer aos organizadores da MINASCUP 2025.<\/p><p>O evento, promovido pelo (IMEF) Instituto Mineiro das Escolas de Futebol, em parceria com Complexo Esportivo Bola de Ouro, foi um verdadeiro sucesso. A excelente organiza\u00e7\u00e3o, a estrutura oferecida e o cuidado com cada detalhe garantiram n\u00e3o apenas grandes jogos, mas tamb\u00e9m momentos inesquec\u00edveis para crian\u00e7as, jovens e torcedores.<\/p><p>Gra\u00e7as a esse esfor\u00e7o conjunto, a competi\u00e7\u00e3o se consolidou como um dos maiores torneios de futebol de base do Estado de Minas Gerais, revelando talentos, incentivando o esporte e fortalecendo valores como amizade, respeito e trabalho em equipe.<\/p><p>Parab\u00e9ns a todos os envolvidos! <br>Que venham muitas outras edi\u00e7\u00f5es da MINASCUP, com ainda mais brilho e conquistas para o futebol de&nbsp;base&nbsp;mineiro.<\/p><p>Por: Wantuir Silva<\/p><p>Fotos: J\u00f4 Magalhaes e Bola de Ouro<\/p><p><\/p>","protected":false},"excerpt":{"rendered":"<p>A 5\u00aa edi\u00e7\u00e3o da MINASCUP, realizada entre os dias 15 e 17 de agosto de 2025, em Patos de Minas<\/p>\n","protected":false},"author":1,"featured_media":0,"comment_status":"open","ping_status":"open","sticky":false,"template":"","format":"standard","meta":{"colormag_page_container_layout":"default_layout","colormag_page_sidebar_layout":"default_layout","footnotes":""},"categories":[3],"tags":[],"class_list":["post-3842","post","type-post","status-publish","format-standard","hentry","category-geral"],"_links":{"self":[{"href":"https:\/\/patosesportes.com.br\/index.php?rest_route=\/wp\/v2\/posts\/3842","targetHints":{"allow":["GET"]}}],"collection":[{"href":"https:\/\/patosesportes.com.br\/index.php?rest_route=\/wp\/v2\/posts"}],"about":[{"href":"https:\/\/patosesportes.com.br\/index.php?rest_route=\/wp\/v2\/types\/post"}],"author":[{"embeddable":true,"href":"https:\/\/patosesportes.com.br\/index.php?rest_route=\/wp\/v2\/users\/1"}],"replies":[{"embeddable":true,"href":"https:\/\/patosesportes.com.br\/index.php?rest_route=%2Fwp%2Fv2%2Fcomments&post=3842"}],"version-history":[{"count":3,"href":"https:\/\/patosesportes.com.br\/index.php?rest_route=\/wp\/v2\/posts\/3842\/revisions"}],"predecessor-version":[{"id":3854,"href":"https:\/\/patosesportes.com.br\/index.php?rest_route=\/wp\/v2\/posts\/3842\/revisions\/3854"}],"wp:attachment":[{"href":"https:\/\/patosesportes.com.br\/index.php?rest_route=%2Fwp%2Fv2%2Fmedia&parent=3842"}],"wp:term":[{"taxonomy":"category","embeddable":true,"href":"https:\/\/patosesportes.com.br\/index.php?rest_route=%2Fwp%2Fv2%2Fcategories&post=3842"},{"taxonomy":"post_tag","embeddable":true,"href":"https:\/\/patosesportes.com.br\/index.php?rest_route=%2Fwp%2Fv2%2Ftags&post=3842"}],"curies":[{"name":"wp","href":"https:\/\/api.w.org\/{rel}","templated":true}]}}