{"id":3834,"date":"2025-08-05T17:19:17","date_gmt":"2025-08-05T20:19:17","guid":{"rendered":"https:\/\/patosesportes.com.br\/?p=3834"},"modified":"2025-08-05T17:29:18","modified_gmt":"2025-08-05T20:29:18","slug":"urt-e-norte-empatam-sem-gols-na-final-do-modulo-ii","status":"publish","type":"post","link":"https:\/\/patosesportes.com.br\/?p=3834","title":{"rendered":"URT e Norte empatam sem gols na final do M\u00f3dulo II"},"content":{"rendered":"<p>URT e Norte ficaram no 0 a 0 no domingo, dia 3 de agosto, no Est\u00e1dio Zama Maciel, em Patos de Minas, na primeira partida da final do M\u00f3dulo II do Campeonato Mineiro.<\/p><p>A segunda e decisiva partida acontecer\u00e1 no pr\u00f3ximo s\u00e1bado, dia 8 de agosto, \u00e0s 15h45, no Est\u00e1dio Jos\u00e9 Maria de Melo, em Montes Claros. Quem vencer ser\u00e1 o campe\u00e3o da competi\u00e7\u00e3o. Em caso de novo empate, o t\u00edtulo ser\u00e1 decidido nos p\u00eanaltis.<\/p><p>Independentemente do resultado final, tanto URT quanto Norte garantiram o acesso \u00e0 elite do futebol mineiro e estar\u00e3o na primeira divis\u00e3o em 2026.<\/p><p>Apesar da expectativa, as duas equipes deixaram a desejar no aspecto t\u00e9cnico, e o jogo teve poucas emo\u00e7\u00f5es.<\/p><p>Escala\u00e7\u00f5es:<\/p><p>URT:<br>Ariel Yuri; Pinheiro, Rodrigo Rocha, Weverton e Gabriel; Diogo Mazag\u00e3o, Daniel Costa (Pablo Nereu) e Cesinha (Vinicius); Danilo Pereira (David Buiu), Jo\u00e3ozinho (Tim) e Sandrinho (Rodrigo Andrade).<br>T\u00e9cnico: Eduardo Mineiro<\/p><p>Norte:<br>Rafael Pin, Kellyton, Ulisses, e Feliphe Gabriel; Foguinho, Leandro Ferreira, Rafinha (Patrick) e Luiz Thiago (Brinquedo); Renato Henrique (Matheuzinho) e Vandinho (Chico) e Fuma\u00e7a (Anderson Magr\u00e3o).<br>T\u00e9cnico: Douglas Ferreira<\/p><p>Arbitragem:<br>\u2022 \u00c1rbitro principal: Hieger T\u00falio Cardoso<br>\u2022 Assistentes: Ant\u00f4nio Magno de Ramos e Felipe Ramos de Santana<br>\u2022 Quarta \u00e1rbitra: Franciel Fernanda Lima de Castro<\/p><p>P\u00fablico&nbsp;pagante:&nbsp;4.640<\/p><p>Por: Wantuir Silva<\/p><p>Foto: Divulga\u00e7\u00e3o URT<\/p>","protected":false},"excerpt":{"rendered":"<p>URT e Norte ficaram no 0 a 0 no domingo, dia 3 de agosto, no Est\u00e1dio Zama Maciel, em Patos<\/p>\n","protected":false},"author":1,"featured_media":0,"comment_status":"open","ping_status":"open","sticky":false,"template":"","format":"standard","meta":{"colormag_page_container_layout":"default_layout","colormag_page_sidebar_layout":"default_layout","footnotes":""},"categories":[7],"tags":[],"class_list":["post-3834","post","type-post","status-publish","format-standard","hentry","category-urt"],"_links":{"self":[{"href":"https:\/\/patosesportes.com.br\/index.php?rest_route=\/wp\/v2\/posts\/3834","targetHints":{"allow":["GET"]}}],"collection":[{"href":"https:\/\/patosesportes.com.br\/index.php?rest_route=\/wp\/v2\/posts"}],"about":[{"href":"https:\/\/patosesportes.com.br\/index.php?rest_route=\/wp\/v2\/types\/post"}],"author":[{"embeddable":true,"href":"https:\/\/patosesportes.com.br\/index.php?rest_route=\/wp\/v2\/users\/1"}],"replies":[{"embeddable":true,"href":"https:\/\/patosesportes.com.br\/index.php?rest_route=%2Fwp%2Fv2%2Fcomments&post=3834"}],"version-history":[{"count":1,"href":"https:\/\/patosesportes.com.br\/index.php?rest_route=\/wp\/v2\/posts\/3834\/revisions"}],"predecessor-version":[{"id":3837,"href":"https:\/\/patosesportes.com.br\/index.php?rest_route=\/wp\/v2\/posts\/3834\/revisions\/3837"}],"wp:attachment":[{"href":"https:\/\/patosesportes.com.br\/index.php?rest_route=%2Fwp%2Fv2%2Fmedia&parent=3834"}],"wp:term":[{"taxonomy":"category","embeddable":true,"href":"https:\/\/patosesportes.com.br\/index.php?rest_route=%2Fwp%2Fv2%2Fcategories&post=3834"},{"taxonomy":"post_tag","embeddable":true,"href":"https:\/\/patosesportes.com.br\/index.php?rest_route=%2Fwp%2Fv2%2Ftags&post=3834"}],"curies":[{"name":"wp","href":"https:\/\/api.w.org\/{rel}","templated":true}]}}