{"id":3828,"date":"2025-07-31T16:44:33","date_gmt":"2025-07-31T19:44:33","guid":{"rendered":"https:\/\/patosesportes.com.br\/?p=3828"},"modified":"2025-07-31T16:49:51","modified_gmt":"2025-07-31T19:49:51","slug":"final-do-modulo-ii-do-mineiro-esta-confirmada","status":"publish","type":"post","link":"https:\/\/patosesportes.com.br\/?p=3828","title":{"rendered":"Final do M\u00f3dulo II do Mineiro est\u00e1 confirmada"},"content":{"rendered":"<p>A Federa\u00e7\u00e3o Mineira de Futebol (FMF) confirmou as datas e hor\u00e1rios dos jogos decisivos do Campeonato Mineiro M\u00f3dulo II, que definir\u00e1 quem sobe para a elite do futebol mineiro em 2026. As equipes envolvidas j\u00e1 garantiram o acesso, mas agora disputam o t\u00edtulo da competi\u00e7\u00e3o.<\/p><p>Ida e Volta<\/p><p>\u2022 Jogo de Ida<\/p><p>Domingo, 3 de agosto \u00e0s 18h30<\/p><p>Est\u00e1dio Zama Maciel \u2013 Patos de Minas<\/p><p>\u2022 Jogo de Volta<\/p><p>S\u00e1bado, 9 de agosto \u00e0s 15h45<\/p><p>Est\u00e1dio Jos\u00e9 Maria Melo \u2013 Montes Claros<\/p><p>Pol\u00eamica: Jogo do Patroc\u00ednio x North<\/p><p>Apesar de questionamentos sobre um poss\u00edvel erro de arbitragem no confronto entre Patrocinense e North, n\u00e3o houve puni\u00e7\u00e3o e o Patrocinense optou por n\u00e3o recorrer da decis\u00e3o do TJD-MG. Com isso, as equipes finalistas est\u00e3o oficialmente definidas.<\/p><p>Agora \u00e9 esperar a bola rolar para ver quem levanta o trof\u00e9u do \u201cM\u00f3dulo II\u201d!<\/p><p>Por: Wantuir Silva<\/p><p>Foto: Divulga\u00e7\u00e3o URT<\/p><p><\/p>","protected":false},"excerpt":{"rendered":"<p>A Federa\u00e7\u00e3o Mineira de Futebol (FMF) confirmou as datas e hor\u00e1rios dos jogos decisivos do Campeonato Mineiro M\u00f3dulo II, que<\/p>\n","protected":false},"author":1,"featured_media":0,"comment_status":"open","ping_status":"open","sticky":false,"template":"","format":"standard","meta":{"colormag_page_container_layout":"default_layout","colormag_page_sidebar_layout":"default_layout","footnotes":""},"categories":[7],"tags":[],"class_list":["post-3828","post","type-post","status-publish","format-standard","hentry","category-urt"],"_links":{"self":[{"href":"https:\/\/patosesportes.com.br\/index.php?rest_route=\/wp\/v2\/posts\/3828","targetHints":{"allow":["GET"]}}],"collection":[{"href":"https:\/\/patosesportes.com.br\/index.php?rest_route=\/wp\/v2\/posts"}],"about":[{"href":"https:\/\/patosesportes.com.br\/index.php?rest_route=\/wp\/v2\/types\/post"}],"author":[{"embeddable":true,"href":"https:\/\/patosesportes.com.br\/index.php?rest_route=\/wp\/v2\/users\/1"}],"replies":[{"embeddable":true,"href":"https:\/\/patosesportes.com.br\/index.php?rest_route=%2Fwp%2Fv2%2Fcomments&post=3828"}],"version-history":[{"count":1,"href":"https:\/\/patosesportes.com.br\/index.php?rest_route=\/wp\/v2\/posts\/3828\/revisions"}],"predecessor-version":[{"id":3830,"href":"https:\/\/patosesportes.com.br\/index.php?rest_route=\/wp\/v2\/posts\/3828\/revisions\/3830"}],"wp:attachment":[{"href":"https:\/\/patosesportes.com.br\/index.php?rest_route=%2Fwp%2Fv2%2Fmedia&parent=3828"}],"wp:term":[{"taxonomy":"category","embeddable":true,"href":"https:\/\/patosesportes.com.br\/index.php?rest_route=%2Fwp%2Fv2%2Fcategories&post=3828"},{"taxonomy":"post_tag","embeddable":true,"href":"https:\/\/patosesportes.com.br\/index.php?rest_route=%2Fwp%2Fv2%2Ftags&post=3828"}],"curies":[{"name":"wp","href":"https:\/\/api.w.org\/{rel}","templated":true}]}}