{"id":3818,"date":"2025-07-25T22:10:36","date_gmt":"2025-07-26T01:10:36","guid":{"rendered":"https:\/\/patosesportes.com.br\/?p=3818"},"modified":"2025-07-25T22:10:37","modified_gmt":"2025-07-26T01:10:37","slug":"confraternizacao-amigos-do-futebol-4a-edicao-sabado-26-07","status":"publish","type":"post","link":"https:\/\/patosesportes.com.br\/?p=3818","title":{"rendered":"Confraterniza\u00e7\u00e3o Amigos do Futebol \u2013 4\u00aa Edi\u00e7\u00e3o S\u00e1bado, 26\/07"},"content":{"rendered":"<p>Venha participar da 4\u00aa edi\u00e7\u00e3o do Futebol Confraterniza\u00e7\u00e3o Amigos do Futebol, um evento que j\u00e1 virou tradi\u00e7\u00e3o! Estaremos reunindo atletas de Patos e de todo o Brasil, em um dia especial de uni\u00e3o, esporte e alegria.<\/p><p>Al\u00e9m do futebol, estaremos comemorando os 6 anos do grupo de WhatsApp, criado em 15 de julho, que hoje conta com 150 participantes ativos!<\/p><p>Lista de jogadores confirmados:<\/p><p>Natal, Zinho, Renato Augusto, C\u00e9sar Pel\u00e9, Luizinho, Rabic\u00f3, A Cozinha, Jo\u00e3o, Leonardo Torres, Vizinho, Amarildo, H\u00e9lio Cury, Queijinho, Guilherme Rondelli, Betinho, Apar\u00edcio, R\u00e9gis, Jairo, M\u00e1rio Henrique, Germano\u2026<\/p><p>Coordena\u00e7\u00e3o:<\/p><p>Didi e Pantera<\/p><p>Aguardamos a participa\u00e7\u00e3o de todos para mais um dia inesquec\u00edvel de confraterniza\u00e7\u00e3o!<\/p><p>Por: Wanuir Silva<\/p><p>Foto: Divulga\u00e7\u00e3o Confraterniza\u00e7\u00e3o Amigos do Futebol <\/p>","protected":false},"excerpt":{"rendered":"<p>Venha participar da 4\u00aa edi\u00e7\u00e3o do Futebol Confraterniza\u00e7\u00e3o Amigos do Futebol, um evento que j\u00e1 virou tradi\u00e7\u00e3o! Estaremos reunindo atletas<\/p>\n","protected":false},"author":1,"featured_media":0,"comment_status":"open","ping_status":"open","sticky":false,"template":"","format":"standard","meta":{"colormag_page_container_layout":"default_layout","colormag_page_sidebar_layout":"default_layout","footnotes":""},"categories":[3],"tags":[],"class_list":["post-3818","post","type-post","status-publish","format-standard","hentry","category-geral"],"_links":{"self":[{"href":"https:\/\/patosesportes.com.br\/index.php?rest_route=\/wp\/v2\/posts\/3818","targetHints":{"allow":["GET"]}}],"collection":[{"href":"https:\/\/patosesportes.com.br\/index.php?rest_route=\/wp\/v2\/posts"}],"about":[{"href":"https:\/\/patosesportes.com.br\/index.php?rest_route=\/wp\/v2\/types\/post"}],"author":[{"embeddable":true,"href":"https:\/\/patosesportes.com.br\/index.php?rest_route=\/wp\/v2\/users\/1"}],"replies":[{"embeddable":true,"href":"https:\/\/patosesportes.com.br\/index.php?rest_route=%2Fwp%2Fv2%2Fcomments&post=3818"}],"version-history":[{"count":1,"href":"https:\/\/patosesportes.com.br\/index.php?rest_route=\/wp\/v2\/posts\/3818\/revisions"}],"predecessor-version":[{"id":3820,"href":"https:\/\/patosesportes.com.br\/index.php?rest_route=\/wp\/v2\/posts\/3818\/revisions\/3820"}],"wp:attachment":[{"href":"https:\/\/patosesportes.com.br\/index.php?rest_route=%2Fwp%2Fv2%2Fmedia&parent=3818"}],"wp:term":[{"taxonomy":"category","embeddable":true,"href":"https:\/\/patosesportes.com.br\/index.php?rest_route=%2Fwp%2Fv2%2Fcategories&post=3818"},{"taxonomy":"post_tag","embeddable":true,"href":"https:\/\/patosesportes.com.br\/index.php?rest_route=%2Fwp%2Fv2%2Ftags&post=3818"}],"curies":[{"name":"wp","href":"https:\/\/api.w.org\/{rel}","templated":true}]}}