{"id":3807,"date":"2025-07-25T20:42:08","date_gmt":"2025-07-25T23:42:08","guid":{"rendered":"https:\/\/patosesportes.com.br\/?p=3807"},"modified":"2025-07-25T21:24:34","modified_gmt":"2025-07-26T00:24:34","slug":"patrocinense-recorre-ao-tjd-e-impugna-resultado-de-jogo-contra-o-norte","status":"publish","type":"post","link":"https:\/\/patosesportes.com.br\/?p=3807","title":{"rendered":"Patrocinense recorre ao TJD e impugna resultado de jogo contra o Norte"},"content":{"rendered":"<p>O Clube Atl\u00e9tico Patrocinense (CAP) entrou com recurso no Tribunal de Justi\u00e7a Desportiva (TJD) da Federa\u00e7\u00e3o Mineira para impugnar o resultado da partida contra o Norte de Montes Claros, v\u00e1lida pela quinta rodada da segunda fase do M\u00f3dulo II do Campeonato Mineiro.<\/p><p>A partida, disputada em Montes Claros, terminou com vit\u00f3ria do time da casa por 2 a 1, resultado que praticamente eliminou o (CAP) da disputa por uma vaga na pr\u00f3xima fase. A diretoria do Patrocinense, no entanto, alega que houve interfer\u00eancia externa que comprometeu a lisura do jogo.<\/p><p>Segundo a den\u00fancia apresentada, aos sete minutos do segundo tempo, quando o Norte marcou seu primeiro gol, teria ocorrido um assopro de apito vindo da arquibancada. A situa\u00e7\u00e3o gerou confus\u00e3o entre os atletas do (CAP), que pararam momentaneamente a jogada acreditando que o lance havia sido interrompido. A equipe do Norte, por sua vez, deu sequ\u00eancia ao lance e marcou o gol.<\/p><p>A atua\u00e7\u00e3o do \u00e1rbitro Paulo C\u00e9sar Zanoli tamb\u00e9m foi questionada pelo clube, j\u00e1 que o juiz n\u00e3o mencionou o incidente em sua s\u00famula, apesar da interrup\u00e7\u00e3o moment\u00e2nea da partida. O (CAP) considerou a omiss\u00e3o \u201cmuito estranha\u201d.<\/p><p>Diante disso, o presidente do TJD, D\u00e9cio Costa Aguiar Oliveira, acatou o pedido de impugna\u00e7\u00e3o. Em nota oficial, o Tribunal determinou \u00e0 Federa\u00e7\u00e3o Mineira de Futebol que n\u00e3o homologue o resultado da partida at\u00e9 que haja o julgamento do caso.<\/p><p>O Departamento de Competi\u00e7\u00f5es foi comunicado e os seguintes prazos foram estabelecidos:<br>\u2022 O (CAP) tem dois dias para apresentar a documenta\u00e7\u00e3o comprobat\u00f3ria do ocorrido;<br>\u2022 A equipe advers\u00e1ria, o Norte de Montes Claros, tamb\u00e9m tem dois dias para se manifestar;<br>\u2022 A Procuradoria do TJD ter\u00e1 mais dois dias para se posicionar;<br>\u2022 O sorteio do relator e a inclus\u00e3o do processo na pauta de julgamento est\u00e3o previstos para ter\u00e7a-feira, 29 de julho de 2025, quando o Tribunal Pleno se reunir\u00e1 para decidir sobre a validade do resultado da partida.<\/p><p>Por: Wantuir Silva<\/p><p>Foto: Divulga\u00e7\u00e3o  Clube Atl\u00e9tico Patrocinense (CAP)<\/p>","protected":false},"excerpt":{"rendered":"<p>O Clube Atl\u00e9tico Patrocinense (CAP) entrou com recurso no Tribunal de Justi\u00e7a Desportiva (TJD) da Federa\u00e7\u00e3o Mineira para impugnar o<\/p>\n","protected":false},"author":1,"featured_media":0,"comment_status":"open","ping_status":"open","sticky":false,"template":"","format":"standard","meta":{"colormag_page_container_layout":"default_layout","colormag_page_sidebar_layout":"default_layout","footnotes":""},"categories":[3],"tags":[],"class_list":["post-3807","post","type-post","status-publish","format-standard","hentry","category-geral"],"_links":{"self":[{"href":"https:\/\/patosesportes.com.br\/index.php?rest_route=\/wp\/v2\/posts\/3807","targetHints":{"allow":["GET"]}}],"collection":[{"href":"https:\/\/patosesportes.com.br\/index.php?rest_route=\/wp\/v2\/posts"}],"about":[{"href":"https:\/\/patosesportes.com.br\/index.php?rest_route=\/wp\/v2\/types\/post"}],"author":[{"embeddable":true,"href":"https:\/\/patosesportes.com.br\/index.php?rest_route=\/wp\/v2\/users\/1"}],"replies":[{"embeddable":true,"href":"https:\/\/patosesportes.com.br\/index.php?rest_route=%2Fwp%2Fv2%2Fcomments&post=3807"}],"version-history":[{"count":1,"href":"https:\/\/patosesportes.com.br\/index.php?rest_route=\/wp\/v2\/posts\/3807\/revisions"}],"predecessor-version":[{"id":3809,"href":"https:\/\/patosesportes.com.br\/index.php?rest_route=\/wp\/v2\/posts\/3807\/revisions\/3809"}],"wp:attachment":[{"href":"https:\/\/patosesportes.com.br\/index.php?rest_route=%2Fwp%2Fv2%2Fmedia&parent=3807"}],"wp:term":[{"taxonomy":"category","embeddable":true,"href":"https:\/\/patosesportes.com.br\/index.php?rest_route=%2Fwp%2Fv2%2Fcategories&post=3807"},{"taxonomy":"post_tag","embeddable":true,"href":"https:\/\/patosesportes.com.br\/index.php?rest_route=%2Fwp%2Fv2%2Ftags&post=3807"}],"curies":[{"name":"wp","href":"https:\/\/api.w.org\/{rel}","templated":true}]}}