{"id":3802,"date":"2025-07-25T20:19:46","date_gmt":"2025-07-25T23:19:46","guid":{"rendered":"https:\/\/patosesportes.com.br\/?p=3802"},"modified":"2025-07-25T20:27:58","modified_gmt":"2025-07-25T23:27:58","slug":"urt-se-classifica-antecipadamente-para-a-final-do-modulo-2-do-campeonato-mineiro","status":"publish","type":"post","link":"https:\/\/patosesportes.com.br\/?p=3802","title":{"rendered":"URT se classifica antecipadamente para a final do M\u00f3dulo 2 do Campeonato Mineiro"},"content":{"rendered":"<p>A URT garantiu, de forma antecipada, a vaga para disputar o t\u00edtulo do M\u00f3dulo 2 do Campeonato Mineiro. Com a classifica\u00e7\u00e3o assegurada, a Federa\u00e7\u00e3o Mineira de Futebol decidiu cancelar a partida que seria realizada contra o Ipatinga, j\u00e1 que o jogo se tornou desnecess\u00e1rio.<\/p><p>Agora, a equipe de Patos de Minas aguarda a defini\u00e7\u00e3o do seu advers\u00e1rio na final, que sair\u00e1 do confronto entre Democrata de Sete Lagoas e Norte Futebol Clube, da cidade de Montes Claros.<\/p><p>Apesar da boa campanha, o t\u00e9cnico Ito Roque, respons\u00e1vel pelo acesso da URT, rescindiu seu contrato em comum acordo com a diretoria. O treinador assumir\u00e1 o comando do Boavista Sport Club, da cidade de Saquarema, na Regi\u00e3o dos Lagos do Rio de Janeiro.<\/p><p>As datas das finais do M\u00f3dulo 2 j\u00e1 est\u00e3o definidas: os jogos acontecer\u00e3o nos dias 30 de julho e 2 de agosto.<\/p><p>Por: Wantuir Silva<\/p><p>Foto: Divulga\u00e7\u00e3o URT<\/p>","protected":false},"excerpt":{"rendered":"<p>A URT garantiu, de forma antecipada, a vaga para disputar o t\u00edtulo do M\u00f3dulo 2 do Campeonato Mineiro. Com a<\/p>\n","protected":false},"author":1,"featured_media":0,"comment_status":"open","ping_status":"open","sticky":false,"template":"","format":"standard","meta":{"colormag_page_container_layout":"default_layout","colormag_page_sidebar_layout":"default_layout","footnotes":""},"categories":[7],"tags":[],"class_list":["post-3802","post","type-post","status-publish","format-standard","hentry","category-urt"],"_links":{"self":[{"href":"https:\/\/patosesportes.com.br\/index.php?rest_route=\/wp\/v2\/posts\/3802","targetHints":{"allow":["GET"]}}],"collection":[{"href":"https:\/\/patosesportes.com.br\/index.php?rest_route=\/wp\/v2\/posts"}],"about":[{"href":"https:\/\/patosesportes.com.br\/index.php?rest_route=\/wp\/v2\/types\/post"}],"author":[{"embeddable":true,"href":"https:\/\/patosesportes.com.br\/index.php?rest_route=\/wp\/v2\/users\/1"}],"replies":[{"embeddable":true,"href":"https:\/\/patosesportes.com.br\/index.php?rest_route=%2Fwp%2Fv2%2Fcomments&post=3802"}],"version-history":[{"count":1,"href":"https:\/\/patosesportes.com.br\/index.php?rest_route=\/wp\/v2\/posts\/3802\/revisions"}],"predecessor-version":[{"id":3804,"href":"https:\/\/patosesportes.com.br\/index.php?rest_route=\/wp\/v2\/posts\/3802\/revisions\/3804"}],"wp:attachment":[{"href":"https:\/\/patosesportes.com.br\/index.php?rest_route=%2Fwp%2Fv2%2Fmedia&parent=3802"}],"wp:term":[{"taxonomy":"category","embeddable":true,"href":"https:\/\/patosesportes.com.br\/index.php?rest_route=%2Fwp%2Fv2%2Fcategories&post=3802"},{"taxonomy":"post_tag","embeddable":true,"href":"https:\/\/patosesportes.com.br\/index.php?rest_route=%2Fwp%2Fv2%2Ftags&post=3802"}],"curies":[{"name":"wp","href":"https:\/\/api.w.org\/{rel}","templated":true}]}}