{"id":2673,"date":"2023-02-09T17:00:27","date_gmt":"2023-02-09T20:00:27","guid":{"rendered":"https:\/\/patosesportes.com.br\/?p=2673"},"modified":"2023-02-09T17:06:04","modified_gmt":"2023-02-09T20:06:04","slug":"vai-comecar-o-modulo-ii-2023","status":"publish","type":"post","link":"https:\/\/patosesportes.com.br\/?p=2673","title":{"rendered":"Vai come\u00e7ar o M\u00f3dulo II 2023"},"content":{"rendered":"<p>Aconteceu na tarde desta ter\u00e7a-feira (7), na sede da FMF, o Conselho T\u00e9cnico para o Campeonato Mineiro &#8211; M\u00f3dulo II 2023. Estiveram presentes, os representantes dos 12 clubes que v\u00e3o disputar a competi\u00e7\u00e3o.<\/p><p>A primeira fase do torneio est\u00e1 marcada para acontecer entre os dias 29\/04 e 17\/06. Os dois \u00faltimos da tabela ir\u00e3o disputar a Segunda Divis\u00e3o em 2024.<\/p><p>Na sequ\u00eancia teremos o Hexagonal Final, dos dias 24\/06 at\u00e9 12\/08. Os dois melhores posicionados garantem o acesso para o M\u00f3dulo I.<\/p><p>J\u00e1 bateu a ansiedade para os grandes jogos que est\u00e3o por vir! <\/p><p>Fonte: FMF<\/p>","protected":false},"excerpt":{"rendered":"<p>Aconteceu na tarde desta ter\u00e7a-feira (7), na sede da FMF, o Conselho T\u00e9cnico para o Campeonato Mineiro &#8211; M\u00f3dulo II<\/p>\n","protected":false},"author":1,"featured_media":0,"comment_status":"open","ping_status":"open","sticky":false,"template":"","format":"standard","meta":{"colormag_page_container_layout":"default_layout","colormag_page_sidebar_layout":"default_layout","footnotes":""},"categories":[3],"tags":[],"class_list":["post-2673","post","type-post","status-publish","format-standard","hentry","category-geral"],"_links":{"self":[{"href":"https:\/\/patosesportes.com.br\/index.php?rest_route=\/wp\/v2\/posts\/2673","targetHints":{"allow":["GET"]}}],"collection":[{"href":"https:\/\/patosesportes.com.br\/index.php?rest_route=\/wp\/v2\/posts"}],"about":[{"href":"https:\/\/patosesportes.com.br\/index.php?rest_route=\/wp\/v2\/types\/post"}],"author":[{"embeddable":true,"href":"https:\/\/patosesportes.com.br\/index.php?rest_route=\/wp\/v2\/users\/1"}],"replies":[{"embeddable":true,"href":"https:\/\/patosesportes.com.br\/index.php?rest_route=%2Fwp%2Fv2%2Fcomments&post=2673"}],"version-history":[{"count":1,"href":"https:\/\/patosesportes.com.br\/index.php?rest_route=\/wp\/v2\/posts\/2673\/revisions"}],"predecessor-version":[{"id":2675,"href":"https:\/\/patosesportes.com.br\/index.php?rest_route=\/wp\/v2\/posts\/2673\/revisions\/2675"}],"wp:attachment":[{"href":"https:\/\/patosesportes.com.br\/index.php?rest_route=%2Fwp%2Fv2%2Fmedia&parent=2673"}],"wp:term":[{"taxonomy":"category","embeddable":true,"href":"https:\/\/patosesportes.com.br\/index.php?rest_route=%2Fwp%2Fv2%2Fcategories&post=2673"},{"taxonomy":"post_tag","embeddable":true,"href":"https:\/\/patosesportes.com.br\/index.php?rest_route=%2Fwp%2Fv2%2Ftags&post=2673"}],"curies":[{"name":"wp","href":"https:\/\/api.w.org\/{rel}","templated":true}]}}