{"id":1722,"date":"2021-02-23T11:00:55","date_gmt":"2021-02-23T14:00:55","guid":{"rendered":"http:\/\/patosesportes.com.br\/?p=1722"},"modified":"2021-03-28T13:00:58","modified_gmt":"2021-03-28T16:00:58","slug":"mudancas-na-primeira-rodada-do-campeonato-mineiro","status":"publish","type":"post","link":"https:\/\/patosesportes.com.br\/?p=1722","title":{"rendered":"Mudan\u00e7as na primeira rodada do Campeonato Mineiro"},"content":{"rendered":"<p>A Federa\u00e7\u00e3o Mineira de Futebol (FMF) a altera\u00e7\u00e3o de datas e hor\u00e1rios de jogos do Campeonato Mineiro, na sua primeira rodada. <\/p><p><strong>Confira:<\/strong><\/p><p><strong>S\u00e1bado (27)<\/strong><\/p><p>Uberl\u00e2ndia x Cruzeiro \u2013 16h30 no Parque do Sabi\u00e1;<br>Caldense x Tombense \u2013 19h no Ronald\u00e3o;<br>Am\u00e9rica x Boa \u2013 19 h, no Independ\u00eancia.<\/p><p><strong>Domingo (28)<\/strong><\/p><p>Pouso Alegre x Coimbra \u2013 15h, no Manduz\u00e3o;<br>Patrocinense x Athletic \u2013 16h, no Pedro Alves do Nascimento;<br>Atl\u00e9tico x URT \u2013 18h15, no Mineir\u00e3o.<\/p><p>Fonte: FMF<\/p>","protected":false},"excerpt":{"rendered":"<p>A Federa\u00e7\u00e3o Mineira de Futebol (FMF) a altera\u00e7\u00e3o de datas e hor\u00e1rios de jogos do Campeonato Mineiro, na sua primeira<\/p>\n","protected":false},"author":1,"featured_media":0,"comment_status":"open","ping_status":"open","sticky":false,"template":"","format":"standard","meta":{"colormag_page_container_layout":"default_layout","colormag_page_sidebar_layout":"default_layout","footnotes":""},"categories":[3],"tags":[],"class_list":["post-1722","post","type-post","status-publish","format-standard","hentry","category-geral"],"_links":{"self":[{"href":"https:\/\/patosesportes.com.br\/index.php?rest_route=\/wp\/v2\/posts\/1722","targetHints":{"allow":["GET"]}}],"collection":[{"href":"https:\/\/patosesportes.com.br\/index.php?rest_route=\/wp\/v2\/posts"}],"about":[{"href":"https:\/\/patosesportes.com.br\/index.php?rest_route=\/wp\/v2\/types\/post"}],"author":[{"embeddable":true,"href":"https:\/\/patosesportes.com.br\/index.php?rest_route=\/wp\/v2\/users\/1"}],"replies":[{"embeddable":true,"href":"https:\/\/patosesportes.com.br\/index.php?rest_route=%2Fwp%2Fv2%2Fcomments&post=1722"}],"version-history":[{"count":2,"href":"https:\/\/patosesportes.com.br\/index.php?rest_route=\/wp\/v2\/posts\/1722\/revisions"}],"predecessor-version":[{"id":1730,"href":"https:\/\/patosesportes.com.br\/index.php?rest_route=\/wp\/v2\/posts\/1722\/revisions\/1730"}],"wp:attachment":[{"href":"https:\/\/patosesportes.com.br\/index.php?rest_route=%2Fwp%2Fv2%2Fmedia&parent=1722"}],"wp:term":[{"taxonomy":"category","embeddable":true,"href":"https:\/\/patosesportes.com.br\/index.php?rest_route=%2Fwp%2Fv2%2Fcategories&post=1722"},{"taxonomy":"post_tag","embeddable":true,"href":"https:\/\/patosesportes.com.br\/index.php?rest_route=%2Fwp%2Fv2%2Ftags&post=1722"}],"curies":[{"name":"wp","href":"https:\/\/api.w.org\/{rel}","templated":true}]}}