{"id":1585,"date":"2021-01-07T10:07:02","date_gmt":"2021-01-07T13:07:02","guid":{"rendered":"http:\/\/patosesportes.com.br\/?p=1585"},"modified":"2021-01-07T10:25:54","modified_gmt":"2021-01-07T13:25:54","slug":"urt-confirma-data-da-apresentacao-do-elenco-e-inicio-da-pre-temporada-2020","status":"publish","type":"post","link":"https:\/\/patosesportes.com.br\/?p=1585","title":{"rendered":"URT confirma data da apresenta\u00e7\u00e3o do elenco e in\u00edcio da pr\u00e9-temporada 2021"},"content":{"rendered":"<p>A URT&nbsp;inicia no dia 13 de janeiro prepara\u00e7\u00e3o para a disputa do Campeonato Mineiro de 2021. De acordo com a assessoria do clube, o grupo ser\u00e1 apresentado nesta mesma data. O time ser\u00e1 comandado pelo t\u00e9cnico Welington Fajardo.<\/p><p>Em 2021, o primeiro compromisso da URT ser\u00e1 contra o  Atl\u00e9tico, pelo  M\u00f3dulo I do Campeonato Estadual . A partida est\u00e1 marcada para o dia 28 de fevereiro. O clube tamb\u00e9m j\u00e1 confirmou o acerto com 19 jogadores. Dez nomes foram divulgados.<\/p><p><strong>Jogadores confirmados pela URT para 2021<\/strong>:<\/p><p>  <\/p><p>Goleiro: Renan Rinaldi<\/p><p>Lateral-direito: Kellyton<\/p><p>Zagueiro: Donato<\/p><p>Lateral-esquerdo: Pedro Rosa<\/p><p>Meias: Jo\u00e3o Paulo, Evair, Jean Carlos, Rom\u00e1rio, Leilson e L\u00e9o Aquino.<\/p><p> Comiss\u00e3o t\u00e9cnica:<\/p><p> T\u00e9cnico Welington Fajardo <\/p><p> Auxiliar t\u00e9cnico&nbsp; Andr\u00e9 Lima (Andrezinho)  <\/p><p> Analista de desempenho  Marcos Paulo<\/p><p> Preparador f\u00edsico Murilo Vasconcelos <\/p><p> Gerente de futebol Johnatan Alem\u00e3o <\/p><p> O nome do preparador de goleiros ser\u00e1  anunciado em breve.  <\/p><p>Por: Wantuir Silva<\/p><p><\/p><p><\/p><p><\/p><p><\/p><p><\/p><p><\/p><p><\/p><p><\/p><p><\/p><p><\/p><p><\/p><p><\/p><p><\/p><p><\/p><p><\/p><p><\/p><p><\/p><p><\/p><p><\/p><p><\/p><p><\/p><p><\/p><p><\/p><p><\/p><p><\/p><p><\/p><p> <\/p>","protected":false},"excerpt":{"rendered":"<p>A URT&nbsp;inicia no dia 13 de janeiro prepara\u00e7\u00e3o para a disputa do Campeonato Mineiro de 2021. De acordo com a<\/p>\n","protected":false},"author":1,"featured_media":1588,"comment_status":"open","ping_status":"open","sticky":false,"template":"","format":"standard","meta":{"colormag_page_container_layout":"default_layout","colormag_page_sidebar_layout":"default_layout","footnotes":""},"categories":[7],"tags":[],"class_list":["post-1585","post","type-post","status-publish","format-standard","has-post-thumbnail","hentry","category-urt"],"_links":{"self":[{"href":"https:\/\/patosesportes.com.br\/index.php?rest_route=\/wp\/v2\/posts\/1585","targetHints":{"allow":["GET"]}}],"collection":[{"href":"https:\/\/patosesportes.com.br\/index.php?rest_route=\/wp\/v2\/posts"}],"about":[{"href":"https:\/\/patosesportes.com.br\/index.php?rest_route=\/wp\/v2\/types\/post"}],"author":[{"embeddable":true,"href":"https:\/\/patosesportes.com.br\/index.php?rest_route=\/wp\/v2\/users\/1"}],"replies":[{"embeddable":true,"href":"https:\/\/patosesportes.com.br\/index.php?rest_route=%2Fwp%2Fv2%2Fcomments&post=1585"}],"version-history":[{"count":5,"href":"https:\/\/patosesportes.com.br\/index.php?rest_route=\/wp\/v2\/posts\/1585\/revisions"}],"predecessor-version":[{"id":1592,"href":"https:\/\/patosesportes.com.br\/index.php?rest_route=\/wp\/v2\/posts\/1585\/revisions\/1592"}],"wp:featuredmedia":[{"embeddable":true,"href":"https:\/\/patosesportes.com.br\/index.php?rest_route=\/wp\/v2\/media\/1588"}],"wp:attachment":[{"href":"https:\/\/patosesportes.com.br\/index.php?rest_route=%2Fwp%2Fv2%2Fmedia&parent=1585"}],"wp:term":[{"taxonomy":"category","embeddable":true,"href":"https:\/\/patosesportes.com.br\/index.php?rest_route=%2Fwp%2Fv2%2Fcategories&post=1585"},{"taxonomy":"post_tag","embeddable":true,"href":"https:\/\/patosesportes.com.br\/index.php?rest_route=%2Fwp%2Fv2%2Ftags&post=1585"}],"curies":[{"name":"wp","href":"https:\/\/api.w.org\/{rel}","templated":true}]}}