{"id":1552,"date":"2020-12-14T21:05:29","date_gmt":"2020-12-15T00:05:29","guid":{"rendered":"http:\/\/patosesportes.com.br\/?p=1552"},"modified":"2020-12-14T22:54:44","modified_gmt":"2020-12-15T01:54:44","slug":"urt-anuncia-tres-jogadores-para-disputa-do-mineiro-2020","status":"publish","type":"post","link":"https:\/\/patosesportes.com.br\/?p=1552","title":{"rendered":"URT anuncia tr\u00eas jogadores para disputa do Mineiro 2021"},"content":{"rendered":"<p>Tr\u00eas nomes foram anunciados pela diretoria da URT\u00a0nesta segunda-feira (14\/12), para a disputa do M\u00f3dulo I do Campeonato Mineiro 2021. Entre os nomes anunciados ent\u00e3o.\u00a0<\/p><p>Renan Rinaldi, goleiro, tem 27 anos e estava no Tupynamb\u00e1s, Pedro Rosa lateral-esquerdo, tem 30 anos e estava no Patrocinense e Jo\u00e3o Paulo, meia, tem 31 anos, estava no S\u00e3o Luiz.<\/p><p>A URT tem mais dez jogadores contratados, os nomes n\u00e3o foram revelados. A pr\u00e9-temporada\u00a02021, ter\u00e1 in\u00edcio\u00a0no dia 10 de janeiro. \u00a0 <\/p><p><\/p>","protected":false},"excerpt":{"rendered":"<p>Tr\u00eas nomes foram anunciados pela diretoria da URT\u00a0nesta segunda-feira (14\/12), para a disputa do M\u00f3dulo I do Campeonato Mineiro 2021.<\/p>\n","protected":false},"author":1,"featured_media":1555,"comment_status":"open","ping_status":"open","sticky":false,"template":"","format":"standard","meta":{"colormag_page_container_layout":"default_layout","colormag_page_sidebar_layout":"default_layout","footnotes":""},"categories":[7],"tags":[],"class_list":["post-1552","post","type-post","status-publish","format-standard","has-post-thumbnail","hentry","category-urt"],"_links":{"self":[{"href":"https:\/\/patosesportes.com.br\/index.php?rest_route=\/wp\/v2\/posts\/1552","targetHints":{"allow":["GET"]}}],"collection":[{"href":"https:\/\/patosesportes.com.br\/index.php?rest_route=\/wp\/v2\/posts"}],"about":[{"href":"https:\/\/patosesportes.com.br\/index.php?rest_route=\/wp\/v2\/types\/post"}],"author":[{"embeddable":true,"href":"https:\/\/patosesportes.com.br\/index.php?rest_route=\/wp\/v2\/users\/1"}],"replies":[{"embeddable":true,"href":"https:\/\/patosesportes.com.br\/index.php?rest_route=%2Fwp%2Fv2%2Fcomments&post=1552"}],"version-history":[{"count":4,"href":"https:\/\/patosesportes.com.br\/index.php?rest_route=\/wp\/v2\/posts\/1552\/revisions"}],"predecessor-version":[{"id":1573,"href":"https:\/\/patosesportes.com.br\/index.php?rest_route=\/wp\/v2\/posts\/1552\/revisions\/1573"}],"wp:featuredmedia":[{"embeddable":true,"href":"https:\/\/patosesportes.com.br\/index.php?rest_route=\/wp\/v2\/media\/1555"}],"wp:attachment":[{"href":"https:\/\/patosesportes.com.br\/index.php?rest_route=%2Fwp%2Fv2%2Fmedia&parent=1552"}],"wp:term":[{"taxonomy":"category","embeddable":true,"href":"https:\/\/patosesportes.com.br\/index.php?rest_route=%2Fwp%2Fv2%2Fcategories&post=1552"},{"taxonomy":"post_tag","embeddable":true,"href":"https:\/\/patosesportes.com.br\/index.php?rest_route=%2Fwp%2Fv2%2Ftags&post=1552"}],"curies":[{"name":"wp","href":"https:\/\/api.w.org\/{rel}","templated":true}]}}