{"id":1377,"date":"2020-03-15T20:27:23","date_gmt":"2020-03-15T23:27:23","guid":{"rendered":"http:\/\/patosesportes.com.br\/?p=1377"},"modified":"2020-03-15T20:42:07","modified_gmt":"2020-03-15T23:42:07","slug":"em-casa-urt-empata-contra-o-lanterna-tupynambas","status":"publish","type":"post","link":"https:\/\/patosesportes.com.br\/?p=1377","title":{"rendered":"Em casa, URT empata contra o lanterna Tupynambas"},"content":{"rendered":"<p> Sem a presen\u00e7a\u00a0da torcida, URT completa 8 jogos\u00a0no M\u00f3dulo I do Campeonato Mineiro. O que j\u00e1\u00a0foi\u00a0palco de alegrias e tristezas para o\u00a0torcedor\u00a0celeste, por determina\u00e7\u00e3o da CBF, o confronto foi\u00a0realizado\u00a0com os port\u00f5es fechados devido ao Coronavirus (COVID-19).  Em um\u00a0jogo\u00a0fraco tecnicamente, URT apenas\u00a0empatou\u00a0com o\u00a0lanterna\u00a0da\u00a0competi\u00e7\u00e3o\u00a0estadual, Tupynambas, em casa, e se complicou na competi\u00e7\u00e3o. Os dois\u00a0times\u00a0fizeram um\u00a0jogo\u00a0de muita vontade, mas fraco tecnicamente. Sem vencer h\u00e1 duas rodadas o Trov\u00e3o Azul est\u00e1 na oitava coloca\u00e7\u00e3o da\u00a0competi\u00e7\u00e3o com 11 pontos atr\u00e1s do Uberl\u00e2ndia tamb\u00e9m o mesmo n\u00famero de pontos. <\/p><p> URT:<\/p><p>Neguetti; Jefferson, Audalio, Josue (CA) e Izaldo (CA); Marcio Passos,Valkenedy, Carlos Magno e Pitbull (Maranh\u00e3o); Fernandinho (Kesley) e Roni (CA). T\u00e9cnico: Ademir Fonseca <\/p><p> Tupynambas:<\/p><p>Zuba; Grafite, Adriano, Silv\u00e3o e Adriano Silva (CA); L\u00e9o Salino, Fabinho (Renan), Alisson e Vin\u00edcios; Savio (Jair) e Bruno (Ad\u00ea). T\u00e9cnico:  Guilherme Humberto Silveira (Kuiba)<\/p><p>Apitou o jogo:  Ricardo Marques Ribeiro auxiliado por Luiz Ant\u00f4nio Barbosa e Filipe Ramos de Santana <\/p><p> <a rel=\"noreferrer noopener\" target=\"_blank\" href=\"http:\/\/fmf.esumula.com.br\/Arquivos\/Oficios\/OficioPresidencia_321.pdf\">CLIQUE AQUI<\/a>\u00a0e confira a Nota Oficial com a decis\u00e3o que determina a suspens\u00e3o do Campeonato Mineiro Sicoob (M\u00f3dulo I) e M\u00f3dulo II. <\/p>","protected":false},"excerpt":{"rendered":"<p>Sem a presen\u00e7a\u00a0da torcida, URT completa 8 jogos\u00a0no M\u00f3dulo I do Campeonato Mineiro. O que j\u00e1\u00a0foi\u00a0palco de alegrias e tristezas<\/p>\n","protected":false},"author":1,"featured_media":0,"comment_status":"open","ping_status":"open","sticky":false,"template":"","format":"standard","meta":{"colormag_page_container_layout":"default_layout","colormag_page_sidebar_layout":"default_layout","footnotes":""},"categories":[7],"tags":[],"class_list":["post-1377","post","type-post","status-publish","format-standard","hentry","category-urt"],"_links":{"self":[{"href":"https:\/\/patosesportes.com.br\/index.php?rest_route=\/wp\/v2\/posts\/1377","targetHints":{"allow":["GET"]}}],"collection":[{"href":"https:\/\/patosesportes.com.br\/index.php?rest_route=\/wp\/v2\/posts"}],"about":[{"href":"https:\/\/patosesportes.com.br\/index.php?rest_route=\/wp\/v2\/types\/post"}],"author":[{"embeddable":true,"href":"https:\/\/patosesportes.com.br\/index.php?rest_route=\/wp\/v2\/users\/1"}],"replies":[{"embeddable":true,"href":"https:\/\/patosesportes.com.br\/index.php?rest_route=%2Fwp%2Fv2%2Fcomments&post=1377"}],"version-history":[{"count":3,"href":"https:\/\/patosesportes.com.br\/index.php?rest_route=\/wp\/v2\/posts\/1377\/revisions"}],"predecessor-version":[{"id":1382,"href":"https:\/\/patosesportes.com.br\/index.php?rest_route=\/wp\/v2\/posts\/1377\/revisions\/1382"}],"wp:attachment":[{"href":"https:\/\/patosesportes.com.br\/index.php?rest_route=%2Fwp%2Fv2%2Fmedia&parent=1377"}],"wp:term":[{"taxonomy":"category","embeddable":true,"href":"https:\/\/patosesportes.com.br\/index.php?rest_route=%2Fwp%2Fv2%2Fcategories&post=1377"},{"taxonomy":"post_tag","embeddable":true,"href":"https:\/\/patosesportes.com.br\/index.php?rest_route=%2Fwp%2Fv2%2Ftags&post=1377"}],"curies":[{"name":"wp","href":"https:\/\/api.w.org\/{rel}","templated":true}]}}