{"id":1350,"date":"2020-03-09T22:49:15","date_gmt":"2020-03-10T01:49:15","guid":{"rendered":"http:\/\/patosesportes.com.br\/?p=1350"},"modified":"2021-01-08T22:50:20","modified_gmt":"2021-01-09T01:50:20","slug":"urt-perde-para-o-uberlandia-e-se-complica-no-campeonato-estadual","status":"publish","type":"post","link":"https:\/\/patosesportes.com.br\/?p=1350","title":{"rendered":"URT perde para o Uberl\u00e2ndia e se complica no Campeonato Estadual"},"content":{"rendered":"<p>Ap\u00f3s a derrota para o Uberl\u00e2ndia no \u00faltimo final de semana, a URT acumulou mais um rev\u00e9s. Neste domingo (8), o Trov\u00e3o Azul perdeu por 2 a 0 para o Uberl\u00e2ndia, no Parque do Sabi\u00e1, pela oitava rodada da fase classificat\u00f3ria do M\u00f3dulo I do Campeonato Mineiro, e se complicou para buscar o G4.<\/p><p>O Uberl\u00e2ndia foi quem come\u00e7ou melhor no confronto. Logo aos quatro minutos de partida, Luizinho recebeu a bola na pequena \u00e1rea, mas&nbsp; chutou longe do gol. Seis minutos depois, o Trov\u00e3o Azul respondeu.<\/p><p>Roni tentou o chute, a bola passou perto do gol. Aos 22 minutos, mais uma grande chance do Uberl\u00e2ndia. O zagueiro Andr\u00e9 foi cortar o cruzamento de F\u00e1bio e acabou mandando a bola para tr\u00e1s.<\/p><p>Aos 26 minutos do primeiro tempo surgiu o gol. F\u00e1bio Alves colocou na \u00e1rea, para a cabe\u00e7ada de Pl\u00ednio fazer 1 a 0 para os donos da casa. No segundo tempo, quando buscava o empate, a URT levou o segundo gol aos 11 minutos, atrav\u00e9s de Wandinho.<\/p><p>Uberl\u00e2ndia<\/p><p>Rafael, Joazi, Pl\u00ednio (CA), Rog\u00e9rio e F\u00e1bio Alves (CA); Leandro Salino (CA), J\u00f4, Wandinho (Dija Baiano) e Diogo Peixoto (Clebinho); Jhulliam e Luizinho. Treinador: Luizinho Lopes.<\/p><p>URT<\/p><p>Neguete, Jefferson, Aud\u00e1lio, Andr\u00e9 Santos (CA)(Expulso) e Lucas Oliveira; T\u00falio (Maranh\u00e3o), Valkenedy (CA), J\u00fanior Lemos e Fl\u00e1vio Paulino (Carlos Magno); Pitbull e Roni (Euler). Treinador: Vin\u00edcius Marquezini (Ademir Fonseca suspenso).<\/p><p>Apitou o jogo : Paulo C\u00e9sar Zanovelli da Silva; assistentes: Marcus Vin\u00edcius Gomes e Marcyano da Silva Vicente.<\/p><p> Agora a URT jogo contra o Tupynamb\u00e1s no pr\u00f3ximo domingo (15) \u00e0s 16h, no Est\u00e1dio Zama Maciel. J\u00e1 o Uberl\u00e2ndia vai a Varginha para enfrentar o Boa Esporte, \u00e0s 10h da manh\u00e3, no pr\u00f3ximo domingo. <\/p>","protected":false},"excerpt":{"rendered":"<p>Ap\u00f3s a derrota para o Uberl\u00e2ndia no \u00faltimo final de semana, a URT acumulou mais um rev\u00e9s. Neste domingo (8),<\/p>\n","protected":false},"author":1,"featured_media":0,"comment_status":"open","ping_status":"open","sticky":false,"template":"","format":"standard","meta":{"colormag_page_container_layout":"default_layout","colormag_page_sidebar_layout":"default_layout","footnotes":""},"categories":[7],"tags":[],"class_list":["post-1350","post","type-post","status-publish","format-standard","hentry","category-urt"],"_links":{"self":[{"href":"https:\/\/patosesportes.com.br\/index.php?rest_route=\/wp\/v2\/posts\/1350","targetHints":{"allow":["GET"]}}],"collection":[{"href":"https:\/\/patosesportes.com.br\/index.php?rest_route=\/wp\/v2\/posts"}],"about":[{"href":"https:\/\/patosesportes.com.br\/index.php?rest_route=\/wp\/v2\/types\/post"}],"author":[{"embeddable":true,"href":"https:\/\/patosesportes.com.br\/index.php?rest_route=\/wp\/v2\/users\/1"}],"replies":[{"embeddable":true,"href":"https:\/\/patosesportes.com.br\/index.php?rest_route=%2Fwp%2Fv2%2Fcomments&post=1350"}],"version-history":[{"count":5,"href":"https:\/\/patosesportes.com.br\/index.php?rest_route=\/wp\/v2\/posts\/1350\/revisions"}],"predecessor-version":[{"id":1613,"href":"https:\/\/patosesportes.com.br\/index.php?rest_route=\/wp\/v2\/posts\/1350\/revisions\/1613"}],"wp:attachment":[{"href":"https:\/\/patosesportes.com.br\/index.php?rest_route=%2Fwp%2Fv2%2Fmedia&parent=1350"}],"wp:term":[{"taxonomy":"category","embeddable":true,"href":"https:\/\/patosesportes.com.br\/index.php?rest_route=%2Fwp%2Fv2%2Fcategories&post=1350"},{"taxonomy":"post_tag","embeddable":true,"href":"https:\/\/patosesportes.com.br\/index.php?rest_route=%2Fwp%2Fv2%2Ftags&post=1350"}],"curies":[{"name":"wp","href":"https:\/\/api.w.org\/{rel}","templated":true}]}}