{"id":1332,"date":"2020-03-01T20:08:03","date_gmt":"2020-03-01T23:08:03","guid":{"rendered":"http:\/\/patosesportes.com.br\/?p=1332"},"modified":"2020-03-01T20:11:13","modified_gmt":"2020-03-01T23:11:13","slug":"urt-vence-com-gol-no-segundo-tempo-e-se-firma-no-estadual","status":"publish","type":"post","link":"https:\/\/patosesportes.com.br\/?p=1332","title":{"rendered":"URT vence com gol no segundo tempo e se firma no estadual"},"content":{"rendered":"<p>Pelo Campeonato Mineiro, o Villa Nova visitou a URT e voltou para casa com derrota, perdendo por 2 a 1, neste domingo. Perto do G4, o Trov\u00e3o Azul abriu vantagem em rela\u00e7\u00e3o ao CA Patrocinense o s\u00e9timo colocado.<\/p><p>Com a vit\u00f3ria, o Trov\u00e3o Azul se mant\u00e9m na sexta coloca\u00e7\u00e3o, com 10 pontos, um a mais do que o CA Patrocinense. Na pr\u00f3xima rodada, o time enfrenta o Uberl\u00e2ndia no tri\u00e2ngulo mineiro. J\u00e1 o  Villa Nova segue na briga contra o rebaixamento. A equipe ocupa a 10\u00aa posi\u00e7\u00e3o, com 4 pontos.<\/p><p>O Trov\u00e3o Azul abriu o placar aos 43 minutos do primeiro tempo. Ap\u00f3s cobran\u00e7a de p\u00eanalti,  Roni marcou para celeste. O empate do Villa Nova  saiu aos 33 minutos do segundo tempo, com Z\u00e9 Eduardo, que aproveitou a falha da zaga e tocou para o fundo das redes. O gol da vit\u00f3ria saiu aos 39 minutos do segundo tempo, atrav\u00e9s de Josu\u00e9.<\/p><p><strong>URT<\/strong><\/p><p>Neguete, Jeferson, Aud\u00e1lio, Andr\u00e9 Santos (CA) e Izaldo (CA); T\u00falio, Valkenedy, J\u00fanior Lemos (Patrick) e Fl\u00e1vio Paulino (Josu\u00e9); Pitbull e Roni (CA) (Euler). Treinador: Ademir Fonseca (recebeu cart\u00e3o amarelo aos 31, por reclama\u00e7\u00e3o. Ao receber o amarelo disse algumas palavras que n\u00e3o agradaram o \u00e1rbitro e acabou levando o vermelho).<br>O lateral Izaldo recebeu o terceiro cart\u00e3o e n\u00e3o joga domingo em Uberl\u00e2ndia.<\/p><p><strong>Villa Nova<\/strong><\/p><p>Guilherme, Sabino (CA), Diego Macedo (CA), Wellington Reis e Vitinho (CA); Augusto Recife (CA), Diogo Oliveira (La\u00e9rcio), V\u00edtor J\u00fanior (Rodolfo Mol) e Mois\u00e9s Baiano (CA); Leandro Cearense e Paulinho (Z\u00e9 Eduardo) (CA). Treinador: Badico.<\/p><p>Apitou o jogo Wanderson Alves de Souza, auxiliado por Ricardo J\u00fanio de Souza e Luiz Antonio Barbosa.<\/p>","protected":false},"excerpt":{"rendered":"<p>Pelo Campeonato Mineiro, o Villa Nova visitou a URT e voltou para casa com derrota, perdendo por 2 a 1,<\/p>\n","protected":false},"author":1,"featured_media":0,"comment_status":"open","ping_status":"open","sticky":false,"template":"","format":"standard","meta":{"colormag_page_container_layout":"default_layout","colormag_page_sidebar_layout":"default_layout","footnotes":""},"categories":[7],"tags":[],"class_list":["post-1332","post","type-post","status-publish","format-standard","hentry","category-urt"],"_links":{"self":[{"href":"https:\/\/patosesportes.com.br\/index.php?rest_route=\/wp\/v2\/posts\/1332","targetHints":{"allow":["GET"]}}],"collection":[{"href":"https:\/\/patosesportes.com.br\/index.php?rest_route=\/wp\/v2\/posts"}],"about":[{"href":"https:\/\/patosesportes.com.br\/index.php?rest_route=\/wp\/v2\/types\/post"}],"author":[{"embeddable":true,"href":"https:\/\/patosesportes.com.br\/index.php?rest_route=\/wp\/v2\/users\/1"}],"replies":[{"embeddable":true,"href":"https:\/\/patosesportes.com.br\/index.php?rest_route=%2Fwp%2Fv2%2Fcomments&post=1332"}],"version-history":[{"count":2,"href":"https:\/\/patosesportes.com.br\/index.php?rest_route=\/wp\/v2\/posts\/1332\/revisions"}],"predecessor-version":[{"id":1335,"href":"https:\/\/patosesportes.com.br\/index.php?rest_route=\/wp\/v2\/posts\/1332\/revisions\/1335"}],"wp:attachment":[{"href":"https:\/\/patosesportes.com.br\/index.php?rest_route=%2Fwp%2Fv2%2Fmedia&parent=1332"}],"wp:term":[{"taxonomy":"category","embeddable":true,"href":"https:\/\/patosesportes.com.br\/index.php?rest_route=%2Fwp%2Fv2%2Fcategories&post=1332"},{"taxonomy":"post_tag","embeddable":true,"href":"https:\/\/patosesportes.com.br\/index.php?rest_route=%2Fwp%2Fv2%2Ftags&post=1332"}],"curies":[{"name":"wp","href":"https:\/\/api.w.org\/{rel}","templated":true}]}}