{"id":1210,"date":"2020-01-30T12:14:12","date_gmt":"2020-01-30T15:14:12","guid":{"rendered":"http:\/\/patosesportes.com.br\/?p=1210"},"modified":"2020-01-30T13:33:03","modified_gmt":"2020-01-30T16:33:03","slug":"urt-bate-caldense-em-casa-e-vence-segunda-partida-seguida-no-modulo-i-do-campeonato-mineiro","status":"publish","type":"post","link":"https:\/\/patosesportes.com.br\/?p=1210","title":{"rendered":"URT bate Caldense em casa e vence segunda partida seguida no M\u00f3dulo I do Campeonato Mineiro"},"content":{"rendered":"<p>O Trov\u00e3o Azul\u00a0deu sequencia no M\u00f3dulo I do Campeonato Mineiro com vit\u00f3ria sobre a Caldense, nesta quarta-feira, no Zama Maciel, em Patos de Minas. Com atua\u00e7\u00e3o consistente, a equipe da casa superou o time do Sul de Minas por\u00a01 a 0. Esta \u00e9 a segunda vit\u00f3ria seguida da URT no  M\u00f3dulo I do Campeonato Mineiro   \u2013 bateu o Patrocinense<strong>\u00a0<\/strong>na rodada passada por 1 a 0. \u00a0<\/p><p>Com o resultado, o time do Zama Maciel vai a 7 pontos e fica na segunda coloca\u00e7\u00e3o da competi\u00e7\u00e3o.\u00a0No pr\u00f3ximo dia 9, um domingo, \u00e0s 18h, o Trov\u00e3o Azul enfrenta o Atl\u00e9tico, no Est\u00e1dio Zama Maciel. O desafio seguinte do time do \u00a0t\u00e9cnico  Ademir Fonseca, no entanto, ser\u00e1 manter a boa campanha na competi\u00e7\u00e3o.\u00a0<br><\/p><p><strong>O jogo &#8211;<\/strong>\u00a0O primeiro foi o mais equilibrado.  No segundo tempo, ap\u00f3s o gol marcado aos 15 minutos por J\u00fanior Lemos, o Trov\u00e3o Azul apenas valorizou resultado at\u00e9 o final. <\/p><p>URT 1 x 0 Caldense<\/p><p>URT: Neguete, Jefferson, And\u00e1lio, Josu\u00e9 e Izaldo; M\u00e1rcio Passos, Valkenedy (CA) e Carlos Magno (Patrick); Pitbul (Kesley), Roni e Fernandinho (J\u00fanior Lemos). Treinador: Ademir Fonseca.<\/p><p>Caldense: Alyson, Filipe Sousa (CA), Jonathan Costa (CA), Lucas M\u00fafalo e Verrone (Rafael Rosa); Francklin (Daniel), Lucas Silva e Nathan; Artur, Luan Costa e Jo\u00e3o Victor (Matheus Humberto). Treinador: Marcos Grippi.<br><\/p><p>Apitou o jogo:  Antonio M\u00e1rcio Teixeira da Silva; assistentes: Frederico Soares Vilarinho e Bruno Rodrigues; quarto \u00e1rbitro: Hieger T\u00falio CArdoso.  <\/p><p>J\u00e1 a Caldense jogar\u00e1 duas partidas em casa, contra o Villa Nova no domingo (2), \u00e0s 10h30, e no dia (9), no domingo, 10h30<strong>,<\/strong> no Ronald\u00e3o contra o Boa Esporte.   <\/p><p>&nbsp; <\/p><figure class=\"wp-block-gallery columns-3 is-cropped wp-block-gallery-1 is-layout-flex wp-block-gallery-is-layout-flex\"><ul class=\"blocks-gallery-grid\"><li class=\"blocks-gallery-item\"><figure><img fetchpriority=\"high\" decoding=\"async\" width=\"260\" height=\"194\" src=\"http:\/\/patosesportes.com.br\/wp-content\/uploads\/2020\/01\/UC2.jpg\" alt=\"\" data-id=\"1213\" data-full-url=\"http:\/\/patosesportes.com.br\/wp-content\/uploads\/2020\/01\/UC2.jpg\" data-link=\"http:\/\/patosesportes.com.br\/2020\/01\/30\/urt-bate-caldense-em-casa-e-vence-segunda-partida-seguida-no-modulo-i-do-campeonato-mineiro\/uc2\/\" class=\"wp-image-1213\"\/><\/figure><\/li><li class=\"blocks-gallery-item\"><figure><img decoding=\"async\" width=\"300\" height=\"168\" src=\"http:\/\/patosesportes.com.br\/wp-content\/uploads\/2020\/01\/UC3.jpg\" alt=\"\" data-id=\"1214\" data-full-url=\"http:\/\/patosesportes.com.br\/wp-content\/uploads\/2020\/01\/UC3.jpg\" data-link=\"http:\/\/patosesportes.com.br\/2020\/01\/30\/urt-bate-caldense-em-casa-e-vence-segunda-partida-seguida-no-modulo-i-do-campeonato-mineiro\/uc3\/\" class=\"wp-image-1214\"\/><\/figure><\/li><li class=\"blocks-gallery-item\"><figure><img decoding=\"async\" width=\"300\" height=\"168\" src=\"http:\/\/patosesportes.com.br\/wp-content\/uploads\/2020\/01\/UC4.jpg\" alt=\"\" data-id=\"1215\" data-full-url=\"http:\/\/patosesportes.com.br\/wp-content\/uploads\/2020\/01\/UC4.jpg\" data-link=\"http:\/\/patosesportes.com.br\/2020\/01\/30\/urt-bate-caldense-em-casa-e-vence-segunda-partida-seguida-no-modulo-i-do-campeonato-mineiro\/uc4\/\" class=\"wp-image-1215\"\/><\/figure><\/li><\/ul><\/figure><figure class=\"wp-block-gallery columns-3 is-cropped wp-block-gallery-2 is-layout-flex wp-block-gallery-is-layout-flex\"><ul class=\"blocks-gallery-grid\"><li class=\"blocks-gallery-item\"><figure><img loading=\"lazy\" decoding=\"async\" width=\"984\" height=\"738\" src=\"http:\/\/patosesportes.com.br\/wp-content\/uploads\/2020\/01\/UC1-1.jpeg\" alt=\"\" data-id=\"1220\" data-full-url=\"http:\/\/patosesportes.com.br\/wp-content\/uploads\/2020\/01\/UC1-1.jpeg\" data-link=\"http:\/\/patosesportes.com.br\/2020\/01\/30\/urt-bate-caldense-em-casa-e-vence-segunda-partida-seguida-no-modulo-i-do-campeonato-mineiro\/uc1-1\/\" class=\"wp-image-1220\" srcset=\"https:\/\/patosesportes.com.br\/wp-content\/uploads\/2020\/01\/UC1-1.jpeg 984w, https:\/\/patosesportes.com.br\/wp-content\/uploads\/2020\/01\/UC1-1-600x450.jpeg 600w, https:\/\/patosesportes.com.br\/wp-content\/uploads\/2020\/01\/UC1-1-300x225.jpeg 300w, https:\/\/patosesportes.com.br\/wp-content\/uploads\/2020\/01\/UC1-1-768x576.jpeg 768w\" sizes=\"(max-width: 984px) 100vw, 984px\" \/><\/figure><\/li><li class=\"blocks-gallery-item\"><figure><img decoding=\"async\" src=\"http:\/\/patosesportes.com.br\/wp-content\/uploads\/2020\/01\/UC5-1.jpg\" alt=\"\" data-id=\"1224\" data-full-url=\"http:\/\/patosesportes.com.br\/wp-content\/uploads\/2020\/01\/UC5-1.jpg\" data-link=\"http:\/\/patosesportes.com.br\/2020\/01\/30\/urt-bate-caldense-em-casa-e-vence-segunda-partida-seguida-no-modulo-i-do-campeonato-mineiro\/uc5-1\/\" class=\"wp-image-1224\"\/><\/figure><\/li><li class=\"blocks-gallery-item\"><figure><img decoding=\"async\" src=\"http:\/\/patosesportes.com.br\/wp-content\/uploads\/2020\/01\/UC6-1.jpg\" alt=\"\" data-id=\"1225\" data-full-url=\"http:\/\/patosesportes.com.br\/wp-content\/uploads\/2020\/01\/UC6-1.jpg\" data-link=\"http:\/\/patosesportes.com.br\/2020\/01\/30\/urt-bate-caldense-em-casa-e-vence-segunda-partida-seguida-no-modulo-i-do-campeonato-mineiro\/uc6-1\/\" class=\"wp-image-1225\"\/><\/figure><\/li><\/ul><\/figure>","protected":false},"excerpt":{"rendered":"<p>O Trov\u00e3o Azul\u00a0deu sequencia no M\u00f3dulo I do Campeonato Mineiro com vit\u00f3ria sobre a Caldense, nesta quarta-feira, no Zama Maciel,<\/p>\n","protected":false},"author":1,"featured_media":1219,"comment_status":"open","ping_status":"open","sticky":false,"template":"","format":"standard","meta":{"colormag_page_container_layout":"default_layout","colormag_page_sidebar_layout":"default_layout","footnotes":""},"categories":[7],"tags":[],"class_list":["post-1210","post","type-post","status-publish","format-standard","has-post-thumbnail","hentry","category-urt"],"_links":{"self":[{"href":"https:\/\/patosesportes.com.br\/index.php?rest_route=\/wp\/v2\/posts\/1210","targetHints":{"allow":["GET"]}}],"collection":[{"href":"https:\/\/patosesportes.com.br\/index.php?rest_route=\/wp\/v2\/posts"}],"about":[{"href":"https:\/\/patosesportes.com.br\/index.php?rest_route=\/wp\/v2\/types\/post"}],"author":[{"embeddable":true,"href":"https:\/\/patosesportes.com.br\/index.php?rest_route=\/wp\/v2\/users\/1"}],"replies":[{"embeddable":true,"href":"https:\/\/patosesportes.com.br\/index.php?rest_route=%2Fwp%2Fv2%2Fcomments&post=1210"}],"version-history":[{"count":6,"href":"https:\/\/patosesportes.com.br\/index.php?rest_route=\/wp\/v2\/posts\/1210\/revisions"}],"predecessor-version":[{"id":1229,"href":"https:\/\/patosesportes.com.br\/index.php?rest_route=\/wp\/v2\/posts\/1210\/revisions\/1229"}],"wp:featuredmedia":[{"embeddable":true,"href":"https:\/\/patosesportes.com.br\/index.php?rest_route=\/wp\/v2\/media\/1219"}],"wp:attachment":[{"href":"https:\/\/patosesportes.com.br\/index.php?rest_route=%2Fwp%2Fv2%2Fmedia&parent=1210"}],"wp:term":[{"taxonomy":"category","embeddable":true,"href":"https:\/\/patosesportes.com.br\/index.php?rest_route=%2Fwp%2Fv2%2Fcategories&post=1210"},{"taxonomy":"post_tag","embeddable":true,"href":"https:\/\/patosesportes.com.br\/index.php?rest_route=%2Fwp%2Fv2%2Ftags&post=1210"}],"curies":[{"name":"wp","href":"https:\/\/api.w.org\/{rel}","templated":true}]}}