{"id":1037,"date":"2019-10-25T08:19:09","date_gmt":"2019-10-25T11:19:09","guid":{"rendered":"http:\/\/patosesportes.com.br\/?p=1037"},"modified":"2021-01-08T23:23:51","modified_gmt":"2021-01-09T02:23:51","slug":"urt-anuncia-a-contratacao-do-volante-marcio-passos-para-disputa-do-modulo-i-do-campeonato-mineiro","status":"publish","type":"post","link":"https:\/\/patosesportes.com.br\/?p=1037","title":{"rendered":"URT anuncia a contrata\u00e7\u00e3o do volante M\u00e1rcio Passos, para disputa do M\u00f3dulo I do Campeonato Mineiro"},"content":{"rendered":"<p>A URT&nbsp;anunciou de forma oficial nesta sexta-feira (18) a contrata\u00e7\u00e3o do&nbsp;volante M\u00e1rcio Passos,<strong> <\/strong> ex-  Nacional de Manaus em 2003. Jogou na Cabofriense de 2004 a 2007. Atuou pelo Tigres do Brasil em 2008, Am\u00e9rica e Cabofriense em 2009, Asa e Rio Branco SP, em 2010, Am\u00e9rica de Natal, de 2011 a 2014. Seguiu para o exterior para defender o Sepahan do Ir\u00e3 em 2014. Retornou ao Brasil para atuar no ABC, de 2015 a 2017, no CRB em 2018, Taubat\u00e9 em 2019 no primeiro semestre e depois o Manaus, time vice-campe\u00e3o da S\u00e9rie D.  <br><\/p>","protected":false},"excerpt":{"rendered":"<p>A URT&nbsp;anunciou de forma oficial nesta sexta-feira (18) a contrata\u00e7\u00e3o do&nbsp;volante M\u00e1rcio Passos, ex- Nacional de Manaus em 2003. Jogou<\/p>\n","protected":false},"author":1,"featured_media":1039,"comment_status":"open","ping_status":"open","sticky":false,"template":"","format":"standard","meta":{"colormag_page_container_layout":"default_layout","colormag_page_sidebar_layout":"default_layout","footnotes":""},"categories":[7],"tags":[],"class_list":["post-1037","post","type-post","status-publish","format-standard","has-post-thumbnail","hentry","category-urt"],"_links":{"self":[{"href":"https:\/\/patosesportes.com.br\/index.php?rest_route=\/wp\/v2\/posts\/1037","targetHints":{"allow":["GET"]}}],"collection":[{"href":"https:\/\/patosesportes.com.br\/index.php?rest_route=\/wp\/v2\/posts"}],"about":[{"href":"https:\/\/patosesportes.com.br\/index.php?rest_route=\/wp\/v2\/types\/post"}],"author":[{"embeddable":true,"href":"https:\/\/patosesportes.com.br\/index.php?rest_route=\/wp\/v2\/users\/1"}],"replies":[{"embeddable":true,"href":"https:\/\/patosesportes.com.br\/index.php?rest_route=%2Fwp%2Fv2%2Fcomments&post=1037"}],"version-history":[{"count":1,"href":"https:\/\/patosesportes.com.br\/index.php?rest_route=\/wp\/v2\/posts\/1037\/revisions"}],"predecessor-version":[{"id":1040,"href":"https:\/\/patosesportes.com.br\/index.php?rest_route=\/wp\/v2\/posts\/1037\/revisions\/1040"}],"wp:featuredmedia":[{"embeddable":true,"href":"https:\/\/patosesportes.com.br\/index.php?rest_route=\/wp\/v2\/media\/1039"}],"wp:attachment":[{"href":"https:\/\/patosesportes.com.br\/index.php?rest_route=%2Fwp%2Fv2%2Fmedia&parent=1037"}],"wp:term":[{"taxonomy":"category","embeddable":true,"href":"https:\/\/patosesportes.com.br\/index.php?rest_route=%2Fwp%2Fv2%2Fcategories&post=1037"},{"taxonomy":"post_tag","embeddable":true,"href":"https:\/\/patosesportes.com.br\/index.php?rest_route=%2Fwp%2Fv2%2Ftags&post=1037"}],"curies":[{"name":"wp","href":"https:\/\/api.w.org\/{rel}","templated":true}]}}