{"id":1003,"date":"2019-09-29T17:57:15","date_gmt":"2019-09-29T20:57:15","guid":{"rendered":"http:\/\/patosesportes.com.br\/?p=1003"},"modified":"2019-09-29T17:57:17","modified_gmt":"2019-09-29T20:57:17","slug":"urt-anuncia-ademir-fonseca-como-tecnico-do-time-para-o-modulo-1-do-campeonato-mineiro","status":"publish","type":"post","link":"https:\/\/patosesportes.com.br\/?p=1003","title":{"rendered":"URT anuncia Ademir Fonseca como t\u00e9cnico do time para o M\u00f3dulo 1 do Campeonato Mineiro"},"content":{"rendered":"<p>Ademir Fonseca ser\u00e1 o t\u00e9cnico da URT para a pr\u00f3xima temporada do m\u00f3dulo 1 do Campeonato Mineiro, que ser\u00e1 disputado no ano que vem. O an\u00fancio foi feito no Est\u00e1dio Zama Maciel, na da manh\u00e3 desta quarta-feira (25). Foi apresentado tamb\u00e9m o auxiliar-t\u00e9cnico e preparador-f\u00edsico, Vin\u00edcius Fonseca. O anuncio foi feito pela presidente do clube Maria Isabel Pimenta Rocha. O m\u00f3dulo 1 do Campeonato Mineiro ainda n\u00e3o tem data para come\u00e7ar, mas a diretoria do Trov\u00e3o Azul j\u00e1 trabalha nos bastidores para a temporada de 2020. Segundo o diretores de futebol Romero Meira, as conversas com o treinador, para montagem do elenco para a pr\u00f3xima temporada, j\u00e1 come\u00e7aram. O trabalho com o treinador j\u00e1 come\u00e7ou, que \u00e9 aquela parte agora de discutir prov\u00e1veis contrata\u00e7\u00f5es. &#8211; A gente tem visto muitos atletas nesse momento, agora \u00e9 o per\u00edodo mais de avaliar e a gente t\u00e1 sempre discutindo e conversando sobre um atleta ou outro. O time, j\u00e1 tem v\u00e1rios atletas contactados para a disputa do m\u00f3dulo 1 do ano que vem. O in\u00edcio dos trabalhos em campo, inicialmente, est\u00e3o marcados para dezembro. &#8211; Como ainda t\u00e1 um pouco distante, n\u00e3o vamos divulgar a identidade de nenhum desses jogadores, at\u00e9 porque alguns est\u00e3o vinculados \u00e0s suas equipes, est\u00e3o jogando alguma competi\u00e7\u00e3o nesse momento, mas a gente tem falado com v\u00e1rios atletas. Eu acredito que a gente vai conseguir ter um n\u00famero satisfat\u00f3rio de jogadores contratados at\u00e9 o m\u00eas de outubro, no m\u00e1ximo, novembro.<\/p><p>  <\/p>","protected":false},"excerpt":{"rendered":"<p>Ademir Fonseca ser\u00e1 o t\u00e9cnico da URT para a pr\u00f3xima temporada do m\u00f3dulo 1 do Campeonato Mineiro, que ser\u00e1 disputado<\/p>\n","protected":false},"author":1,"featured_media":1004,"comment_status":"open","ping_status":"open","sticky":false,"template":"","format":"standard","meta":{"colormag_page_container_layout":"default_layout","colormag_page_sidebar_layout":"default_layout","footnotes":""},"categories":[7],"tags":[],"class_list":["post-1003","post","type-post","status-publish","format-standard","has-post-thumbnail","hentry","category-urt"],"_links":{"self":[{"href":"https:\/\/patosesportes.com.br\/index.php?rest_route=\/wp\/v2\/posts\/1003","targetHints":{"allow":["GET"]}}],"collection":[{"href":"https:\/\/patosesportes.com.br\/index.php?rest_route=\/wp\/v2\/posts"}],"about":[{"href":"https:\/\/patosesportes.com.br\/index.php?rest_route=\/wp\/v2\/types\/post"}],"author":[{"embeddable":true,"href":"https:\/\/patosesportes.com.br\/index.php?rest_route=\/wp\/v2\/users\/1"}],"replies":[{"embeddable":true,"href":"https:\/\/patosesportes.com.br\/index.php?rest_route=%2Fwp%2Fv2%2Fcomments&post=1003"}],"version-history":[{"count":1,"href":"https:\/\/patosesportes.com.br\/index.php?rest_route=\/wp\/v2\/posts\/1003\/revisions"}],"predecessor-version":[{"id":1005,"href":"https:\/\/patosesportes.com.br\/index.php?rest_route=\/wp\/v2\/posts\/1003\/revisions\/1005"}],"wp:featuredmedia":[{"embeddable":true,"href":"https:\/\/patosesportes.com.br\/index.php?rest_route=\/wp\/v2\/media\/1004"}],"wp:attachment":[{"href":"https:\/\/patosesportes.com.br\/index.php?rest_route=%2Fwp%2Fv2%2Fmedia&parent=1003"}],"wp:term":[{"taxonomy":"category","embeddable":true,"href":"https:\/\/patosesportes.com.br\/index.php?rest_route=%2Fwp%2Fv2%2Fcategories&post=1003"},{"taxonomy":"post_tag","embeddable":true,"href":"https:\/\/patosesportes.com.br\/index.php?rest_route=%2Fwp%2Fv2%2Ftags&post=1003"}],"curies":[{"name":"wp","href":"https:\/\/api.w.org\/{rel}","templated":true}]}}