{"id":4664,"date":"2026-04-28T17:22:45","date_gmt":"2026-04-28T20:22:45","guid":{"rendered":"https:\/\/patosesportes.com.br\/?p=4664"},"modified":"2026-04-28T17:22:46","modified_gmt":"2026-04-28T20:22:46","slug":"mamore-anuncia-reforco-e-intensifica-preparacao-para-estreia-no-modulo-ii","status":"publish","type":"post","link":"http:\/\/patosesportes.com.br\/?p=4664","title":{"rendered":"Mamor\u00e9 anuncia refor\u00e7o e intensifica prepara\u00e7\u00e3o para estreia no M\u00f3dulo II"},"content":{"rendered":"<p>O Esporte Clube Mamor\u00e9 segue firme na prepara\u00e7\u00e3o para o Campeonato Mineiro M\u00f3dulo II e anunciou mais um refor\u00e7o para a temporada.<\/p><p>Trata-se do volante Filipe Alvim, de 27 anos, que tem passagem pelo futebol portugu\u00eas, onde atuou pelo Mar\u00edtimo. O jogador chega para fortalecer o elenco esmeraldino, que j\u00e1 est\u00e1 no d\u00e9cimo dia de treinamentos.<\/p><p>A estreia do Mamor\u00e9 ser\u00e1 no dia 30 de maio, fora de casa, em Patroc\u00ednio, contra o Clube Atl\u00e9tico Patrocinense.<\/p><p>Enquanto isso, a diretoria, junto com o executivo de futebol Bruno Mineiro, trabalha na defini\u00e7\u00e3o de amistosos e jogos-treino. Por enquanto, nenhum confronto foi confirmado. O que j\u00e1 est\u00e1 certo \u00e9 um treino especial no dia primeiro de maio, quando o time profissional enfrenta a equipe Sub-20.<\/p><p>Falando na base, o Sub-20 do Mamor\u00e9 disputa a segunda divis\u00e3o da categoria. A equipe estreia no dia 23 de maio, tamb\u00e9m contra o Patrocinense.<\/p><p>Fora de campo, o clube segue com a regulariza\u00e7\u00e3o do Est\u00e1dio Bernardo Rubinger. J\u00e1 foram feitos os laudos necess\u00e1rios, incluindo vistoria do Corpo de Bombeiros. Ainda falta apenas a libera\u00e7\u00e3o da Pol\u00edcia Militar.<\/p><p>O elenco j\u00e1 conta com refor\u00e7os em todas as posi\u00e7\u00f5es, e novos nomes devem ser anunciados nos pr\u00f3ximos dias.<\/p><p>Na competi\u00e7\u00e3o, o Mamor\u00e9 est\u00e1 no Grupo A, ao lado de Patrocinense, Uberaba, Boa Esporte, Caldense e Guarani de Divin\u00f3polis. Os quatro melhores avan\u00e7am para a pr\u00f3xima fase. A primeira fase vai at\u00e9 o dia 11 de julho.<\/p><p>Por: Wantuir Silva<\/p><p>Foto: Divulga\u00e7\u00e3o Mamor\u00e9<\/p>","protected":false},"excerpt":{"rendered":"<p>O Esporte Clube Mamor\u00e9 segue firme na prepara\u00e7\u00e3o para o Campeonato Mineiro M\u00f3dulo II e anunciou mais um refor\u00e7o para<\/p>\n","protected":false},"author":1,"featured_media":4639,"comment_status":"open","ping_status":"open","sticky":false,"template":"","format":"standard","meta":{"colormag_page_container_layout":"default_layout","colormag_page_sidebar_layout":"default_layout","footnotes":""},"categories":[8],"tags":[],"class_list":["post-4664","post","type-post","status-publish","format-standard","has-post-thumbnail","hentry","category-mamore"],"_links":{"self":[{"href":"http:\/\/patosesportes.com.br\/index.php?rest_route=\/wp\/v2\/posts\/4664","targetHints":{"allow":["GET"]}}],"collection":[{"href":"http:\/\/patosesportes.com.br\/index.php?rest_route=\/wp\/v2\/posts"}],"about":[{"href":"http:\/\/patosesportes.com.br\/index.php?rest_route=\/wp\/v2\/types\/post"}],"author":[{"embeddable":true,"href":"http:\/\/patosesportes.com.br\/index.php?rest_route=\/wp\/v2\/users\/1"}],"replies":[{"embeddable":true,"href":"http:\/\/patosesportes.com.br\/index.php?rest_route=%2Fwp%2Fv2%2Fcomments&post=4664"}],"version-history":[{"count":1,"href":"http:\/\/patosesportes.com.br\/index.php?rest_route=\/wp\/v2\/posts\/4664\/revisions"}],"predecessor-version":[{"id":4665,"href":"http:\/\/patosesportes.com.br\/index.php?rest_route=\/wp\/v2\/posts\/4664\/revisions\/4665"}],"wp:featuredmedia":[{"embeddable":true,"href":"http:\/\/patosesportes.com.br\/index.php?rest_route=\/wp\/v2\/media\/4639"}],"wp:attachment":[{"href":"http:\/\/patosesportes.com.br\/index.php?rest_route=%2Fwp%2Fv2%2Fmedia&parent=4664"}],"wp:term":[{"taxonomy":"category","embeddable":true,"href":"http:\/\/patosesportes.com.br\/index.php?rest_route=%2Fwp%2Fv2%2Fcategories&post=4664"},{"taxonomy":"post_tag","embeddable":true,"href":"http:\/\/patosesportes.com.br\/index.php?rest_route=%2Fwp%2Fv2%2Ftags&post=4664"}],"curies":[{"name":"wp","href":"https:\/\/api.w.org\/{rel}","templated":true}]}}