{"id":3192,"date":"2024-05-22T08:54:52","date_gmt":"2024-05-22T11:54:52","guid":{"rendered":"https:\/\/patosesportes.com.br\/?p=3192"},"modified":"2024-06-05T17:02:58","modified_gmt":"2024-06-05T20:02:58","slug":"equipe-app-unipam-participou-da-etapa-final-campeonato-mineiro-da-karate","status":"publish","type":"post","link":"http:\/\/patosesportes.com.br\/?p=3192","title":{"rendered":"Equipe APP-UNIPAM participou da Etapa Final Campeonato Mineiro da Karat\u00ea"},"content":{"rendered":"<p>A Etapa Final do Campeonato Mineiro de Karat\u00ea foi realizada entre os dias 18 e 19 de maio na Arena Sabiazinho em Uberl\u00e2ndia\/MG, contando com a participa\u00e7\u00e3o de atletas representando mais de 42 munic\u00edpios de Minas Gerais.<\/p><p>A competi\u00e7\u00e3o teve alto n\u00edvel t\u00e9cnico e garantiu a vaga de v\u00e1rios atletas para o Campeonato Brasileiro da modalidade a ser realizado no segundo semestre.<\/p><p>A equipe APP-UNIPAM, levou 11 paratletas para competir na categoria PCD, trazendo 7 medalhas para casa, sendo 3 de ouro e 4 de prata, estando os medalhistas com vaga garantida para o Campeonato Brasileiro<\/p><p>Categoria PCD Senior Feminino<br>Isabela J\u00fania de Melo Rodrigues \u2013 1\u00ba lugar<\/p><p>Categoria PCD Junior Masculino<br>Pedro Afonso Gon\u00e7alves Maia \u2013 1\u00ba lugar<\/p><p>Categoria PCD Sub 14 Feminino<br>Amanda Lis Vilela Dias \u2013 1\u00ba Lugar<br>Maria Eduarda Martins Gon\u00e7alves \u2013 2\u00ba lugar<\/p><p>Categoria PCD Junior Masculino<br>Arthur Henrique Sevalhos Podolan \u2013 2\u00ba lugar<\/p><p>Categoria PCD Junior Feminino<br>Ana Ruth Sevalhos Podolan \u2013 2\u00ba lugar<\/p><p>Categoria PCD Sub 14 Masculino<br>Daniel Bernardes Silva \u2013 2\u00ba lugar<\/p><p>Atletas que tamb\u00e9m estiveram presentes e realizaram excelente competi\u00e7\u00e3o, com chances de tamb\u00e9m disputar o Campeonato Brasileiro<\/p><p>Isaque da Costa Melo<br>Jo\u00e3o Gadiel Fernandes da Silva<br>Rone Paulo Mota de Azevedo Junior<\/p><p>Categoria PCD Senior Masculino<br>Lucas Augusto Diniz Braga<\/p><p>Fonte: APP-UNIPAM<\/p><p>Foto: APP-UNIPAM <\/p><figure class=\"wp-block-gallery has-nested-images columns-default is-cropped wp-block-gallery-1 is-layout-flex wp-block-gallery-is-layout-flex\"><figure class=\"wp-block-image size-large\"><img decoding=\"async\" data-id=\"3216\" src=\"https:\/\/patosesportes.com.br\/wp-content\/uploads\/2024\/05\/515fbcd4-c273-4080-84f3-725855074f24-3-1024x768.jpg\" alt=\"\" class=\"wp-image-3216\"\/><\/figure>\n\n<figure class=\"wp-block-image size-large\"><img decoding=\"async\" data-id=\"3214\" src=\"https:\/\/patosesportes.com.br\/wp-content\/uploads\/2024\/05\/a2e2e1ed-74a0-48e8-b17e-679c55101b6f-1-1024x768.jpg\" alt=\"\" class=\"wp-image-3214\"\/><\/figure>\n\n<figure class=\"wp-block-image size-large\"><img decoding=\"async\" data-id=\"3215\" src=\"https:\/\/patosesportes.com.br\/wp-content\/uploads\/2024\/05\/95224698-2396-4138-a3ef-56660314b095-1-1024x768.jpg\" alt=\"\" class=\"wp-image-3215\"\/><\/figure>\n\n<figure class=\"wp-block-image size-large\"><img decoding=\"async\" data-id=\"3213\" src=\"https:\/\/patosesportes.com.br\/wp-content\/uploads\/2024\/05\/fb3756a2-cc93-4117-9cb4-4d4642e2a2d7-1-1024x768.jpg\" alt=\"\" class=\"wp-image-3213\"\/><\/figure>\n\n<figure class=\"wp-block-image size-large\"><img decoding=\"async\" data-id=\"3217\" src=\"https:\/\/patosesportes.com.br\/wp-content\/uploads\/2024\/05\/3a9b30e5-7818-4811-8aa2-3140f292bf2f-1-1024x768.jpg\" alt=\"\" class=\"wp-image-3217\"\/><\/figure>\n\n<figure class=\"wp-block-image size-large\"><img decoding=\"async\" data-id=\"3218\" src=\"https:\/\/patosesportes.com.br\/wp-content\/uploads\/2024\/05\/ba2ae100-e017-413a-b702-e0c60d038818-1-1024x768.jpg\" alt=\"\" class=\"wp-image-3218\"\/><\/figure><\/figure>","protected":false},"excerpt":{"rendered":"<p>A Etapa Final do Campeonato Mineiro de Karat\u00ea foi realizada entre os dias 18 e 19 de maio na Arena<\/p>\n","protected":false},"author":1,"featured_media":3261,"comment_status":"open","ping_status":"open","sticky":false,"template":"","format":"standard","meta":{"colormag_page_container_layout":"default_layout","colormag_page_sidebar_layout":"default_layout","footnotes":""},"categories":[3],"tags":[],"class_list":["post-3192","post","type-post","status-publish","format-standard","has-post-thumbnail","hentry","category-geral"],"_links":{"self":[{"href":"http:\/\/patosesportes.com.br\/index.php?rest_route=\/wp\/v2\/posts\/3192","targetHints":{"allow":["GET"]}}],"collection":[{"href":"http:\/\/patosesportes.com.br\/index.php?rest_route=\/wp\/v2\/posts"}],"about":[{"href":"http:\/\/patosesportes.com.br\/index.php?rest_route=\/wp\/v2\/types\/post"}],"author":[{"embeddable":true,"href":"http:\/\/patosesportes.com.br\/index.php?rest_route=\/wp\/v2\/users\/1"}],"replies":[{"embeddable":true,"href":"http:\/\/patosesportes.com.br\/index.php?rest_route=%2Fwp%2Fv2%2Fcomments&post=3192"}],"version-history":[{"count":3,"href":"http:\/\/patosesportes.com.br\/index.php?rest_route=\/wp\/v2\/posts\/3192\/revisions"}],"predecessor-version":[{"id":3262,"href":"http:\/\/patosesportes.com.br\/index.php?rest_route=\/wp\/v2\/posts\/3192\/revisions\/3262"}],"wp:featuredmedia":[{"embeddable":true,"href":"http:\/\/patosesportes.com.br\/index.php?rest_route=\/wp\/v2\/media\/3261"}],"wp:attachment":[{"href":"http:\/\/patosesportes.com.br\/index.php?rest_route=%2Fwp%2Fv2%2Fmedia&parent=3192"}],"wp:term":[{"taxonomy":"category","embeddable":true,"href":"http:\/\/patosesportes.com.br\/index.php?rest_route=%2Fwp%2Fv2%2Fcategories&post=3192"},{"taxonomy":"post_tag","embeddable":true,"href":"http:\/\/patosesportes.com.br\/index.php?rest_route=%2Fwp%2Fv2%2Ftags&post=3192"}],"curies":[{"name":"wp","href":"https:\/\/api.w.org\/{rel}","templated":true}]}}