{"id":3148,"date":"2024-05-13T17:27:52","date_gmt":"2024-05-13T20:27:52","guid":{"rendered":"https:\/\/patosesportes.com.br\/?p=3148"},"modified":"2024-06-05T17:06:47","modified_gmt":"2024-06-05T20:06:47","slug":"o-pbjjf-uberlandia-fall-open-agitou-o-cenario-do-jiu-jitsu","status":"publish","type":"post","link":"http:\/\/patosesportes.com.br\/?p=3148","title":{"rendered":"O PBJJF \u2013 Uberl\u00e2ndia Fall Open agitou o cen\u00e1rio do jiu-jitsu"},"content":{"rendered":"<p>Nesta primeira edi\u00e7\u00e3o, atletas de todas as idades e n\u00edveis de habilidade se reuniram no \u00faltimo s\u00e1bado (11), no Complexo Esportivo Sabi\u00e1, em Uberl\u00e2ndia, MG, para competir em um torneio emocionante. O evento UBERLANDIA FALL OPEN 2024 \u00e9 referente ao Ranking 2024 da PBJJF, sendo todos os eventos realizados pela PBJJF, e a pontua\u00e7\u00e3o manteve o regulamento. O evento contou com a participa\u00e7\u00e3o do Projeto Chave da Vida que funciona na Pra\u00e7a CEU de Patos de Minas, coordenado por Carlos Alexandre.<br>Segue abaixo a classifica\u00e7\u00e3o da cidade de Patos de Minas:<br>Categoria Mirim 1: Benjamin &#8211; 1\u00ba Lugar.<br>Categoria Mim 3: Enzo, 31 kg &#8211; 2\u00ba lugar.<br>Categoria Infantil 1: Jordan &#8211; 1\u00ba lugar.<br>Categoria Mirim 3: Marcelo, 47 kg &#8211; 2\u00ba lugar.<br>Categoria Infantil 2: Pithula &#8211; 2\u00ba lugar.<br>Categoria Juvenil 1: 2\u00ba lugar.<br>Categoria Juvenil 1: Maria &#8211; 3\u00ba lugar.                                                                                                                                                                                                                                               Fotos: Carlos Alexandre                                                                                                                                                                                                                                                                         Por: Wantuir Silva<\/p><figure class=\"wp-block-gallery has-nested-images columns-default is-cropped wp-block-gallery-1 is-layout-flex wp-block-gallery-is-layout-flex\"><figure class=\"wp-block-image size-large\"><img decoding=\"async\" data-id=\"3155\" src=\"https:\/\/patosesportes.com.br\/wp-content\/uploads\/2024\/05\/2b160512-9d38-490f-9286-2b32312b07bb-771x1024.jpg\" alt=\"\" class=\"wp-image-3155\"\/><\/figure>\n\n<figure class=\"wp-block-image size-large\"><img decoding=\"async\" data-id=\"3153\" src=\"https:\/\/patosesportes.com.br\/wp-content\/uploads\/2024\/05\/e937430c-b066-40f5-87b0-dc170ca94968-771x1024.jpg\" alt=\"\" class=\"wp-image-3153\"\/><\/figure>\n\n<figure class=\"wp-block-image size-large\"><img decoding=\"async\" data-id=\"3151\" src=\"https:\/\/patosesportes.com.br\/wp-content\/uploads\/2024\/05\/213a730a-c52e-48ff-9a46-80f353ad1dad-771x1024.jpg\" alt=\"\" class=\"wp-image-3151\"\/><\/figure>\n\n<figure class=\"wp-block-image size-large\"><img decoding=\"async\" data-id=\"3152\" src=\"https:\/\/patosesportes.com.br\/wp-content\/uploads\/2024\/05\/2110c632-1393-4578-a0fb-076d7249779d.jpg\" alt=\"\" class=\"wp-image-3152\"\/><\/figure>\n\n<figure class=\"wp-block-image size-large\"><img decoding=\"async\" data-id=\"3154\" src=\"https:\/\/patosesportes.com.br\/wp-content\/uploads\/2024\/05\/0d7e5c6d-1476-45ea-b038-2a39dba2b100-1024x771.jpg\" alt=\"\" class=\"wp-image-3154\"\/><\/figure><\/figure>","protected":false},"excerpt":{"rendered":"<p>Nesta primeira edi\u00e7\u00e3o, atletas de todas as idades e n\u00edveis de habilidade se reuniram no \u00faltimo s\u00e1bado (11), no Complexo<\/p>\n","protected":false},"author":1,"featured_media":3264,"comment_status":"open","ping_status":"open","sticky":false,"template":"","format":"standard","meta":{"colormag_page_container_layout":"default_layout","colormag_page_sidebar_layout":"default_layout","footnotes":""},"categories":[3],"tags":[],"class_list":["post-3148","post","type-post","status-publish","format-standard","has-post-thumbnail","hentry","category-geral"],"_links":{"self":[{"href":"http:\/\/patosesportes.com.br\/index.php?rest_route=\/wp\/v2\/posts\/3148","targetHints":{"allow":["GET"]}}],"collection":[{"href":"http:\/\/patosesportes.com.br\/index.php?rest_route=\/wp\/v2\/posts"}],"about":[{"href":"http:\/\/patosesportes.com.br\/index.php?rest_route=\/wp\/v2\/types\/post"}],"author":[{"embeddable":true,"href":"http:\/\/patosesportes.com.br\/index.php?rest_route=\/wp\/v2\/users\/1"}],"replies":[{"embeddable":true,"href":"http:\/\/patosesportes.com.br\/index.php?rest_route=%2Fwp%2Fv2%2Fcomments&post=3148"}],"version-history":[{"count":3,"href":"http:\/\/patosesportes.com.br\/index.php?rest_route=\/wp\/v2\/posts\/3148\/revisions"}],"predecessor-version":[{"id":3265,"href":"http:\/\/patosesportes.com.br\/index.php?rest_route=\/wp\/v2\/posts\/3148\/revisions\/3265"}],"wp:featuredmedia":[{"embeddable":true,"href":"http:\/\/patosesportes.com.br\/index.php?rest_route=\/wp\/v2\/media\/3264"}],"wp:attachment":[{"href":"http:\/\/patosesportes.com.br\/index.php?rest_route=%2Fwp%2Fv2%2Fmedia&parent=3148"}],"wp:term":[{"taxonomy":"category","embeddable":true,"href":"http:\/\/patosesportes.com.br\/index.php?rest_route=%2Fwp%2Fv2%2Fcategories&post=3148"},{"taxonomy":"post_tag","embeddable":true,"href":"http:\/\/patosesportes.com.br\/index.php?rest_route=%2Fwp%2Fv2%2Ftags&post=3148"}],"curies":[{"name":"wp","href":"https:\/\/api.w.org\/{rel}","templated":true}]}}