{"id":3025,"date":"2024-02-21T17:37:30","date_gmt":"2024-02-21T20:37:30","guid":{"rendered":"https:\/\/patosesportes.com.br\/?p=3025"},"modified":"2024-02-21T17:37:31","modified_gmt":"2024-02-21T20:37:31","slug":"contagem-regressiva-para-temporada-do-mamore-2024","status":"publish","type":"post","link":"http:\/\/patosesportes.com.br\/?p=3025","title":{"rendered":"Contagem regressiva para Temporada do Mamor\u00e9 2024"},"content":{"rendered":"<p>\u00c9 preciso uma prepara\u00e7\u00e3o intensa, que inclui desenvolvimento de ideias tanto no futebol quanto na parte log\u00edstica no clube. Na Programa\u00e7\u00e3o\u00a0apresentada consiste:                                                                                                                                                                                                                                                                                         &#8211; Calend\u00e1rio de competi\u00e7\u00f5es das equipes de base, sub-15, sub-17 e sub-20 al\u00e9m da equipe proficional                                                                                                                                   &#8211; Churrasc\u00e3o do Sapo, com divulga\u00e7\u00e3o do grupo de jogadores para a disputa do Campeonato Mineiro do M\u00f3dulo II e apresenta\u00e7\u00e3o da comiss\u00e3o t\u00e9cnica. no 24 de mar\u00e7o                                                                                                                                                                                                                                                                                                     &#8211; Volta do projeto Verde Vivo \u00a0                                                                                                                                                                                                                                               &#8211; Reformas do departamento m\u00e9dico, alojamentos, cozinha e refeit\u00f3rio e outras \u00e1reas do Est\u00e1dio Bernardo Rubinger<\/p><p>Foto:<\/p><p>Por: Wantuir Silva<\/p>","protected":false},"excerpt":{"rendered":"<p>\u00c9 preciso uma prepara\u00e7\u00e3o intensa, que inclui desenvolvimento de ideias tanto no futebol quanto na parte log\u00edstica no clube. Na<\/p>\n","protected":false},"author":1,"featured_media":0,"comment_status":"open","ping_status":"open","sticky":false,"template":"","format":"standard","meta":{"colormag_page_container_layout":"default_layout","colormag_page_sidebar_layout":"default_layout","footnotes":""},"categories":[8],"tags":[],"class_list":["post-3025","post","type-post","status-publish","format-standard","hentry","category-mamore"],"_links":{"self":[{"href":"http:\/\/patosesportes.com.br\/index.php?rest_route=\/wp\/v2\/posts\/3025","targetHints":{"allow":["GET"]}}],"collection":[{"href":"http:\/\/patosesportes.com.br\/index.php?rest_route=\/wp\/v2\/posts"}],"about":[{"href":"http:\/\/patosesportes.com.br\/index.php?rest_route=\/wp\/v2\/types\/post"}],"author":[{"embeddable":true,"href":"http:\/\/patosesportes.com.br\/index.php?rest_route=\/wp\/v2\/users\/1"}],"replies":[{"embeddable":true,"href":"http:\/\/patosesportes.com.br\/index.php?rest_route=%2Fwp%2Fv2%2Fcomments&post=3025"}],"version-history":[{"count":1,"href":"http:\/\/patosesportes.com.br\/index.php?rest_route=\/wp\/v2\/posts\/3025\/revisions"}],"predecessor-version":[{"id":3027,"href":"http:\/\/patosesportes.com.br\/index.php?rest_route=\/wp\/v2\/posts\/3025\/revisions\/3027"}],"wp:attachment":[{"href":"http:\/\/patosesportes.com.br\/index.php?rest_route=%2Fwp%2Fv2%2Fmedia&parent=3025"}],"wp:term":[{"taxonomy":"category","embeddable":true,"href":"http:\/\/patosesportes.com.br\/index.php?rest_route=%2Fwp%2Fv2%2Fcategories&post=3025"},{"taxonomy":"post_tag","embeddable":true,"href":"http:\/\/patosesportes.com.br\/index.php?rest_route=%2Fwp%2Fv2%2Ftags&post=3025"}],"curies":[{"name":"wp","href":"https:\/\/api.w.org\/{rel}","templated":true}]}}