{"id":2991,"date":"2024-02-08T17:53:14","date_gmt":"2024-02-08T20:53:14","guid":{"rendered":"https:\/\/patosesportes.com.br\/?p=2991"},"modified":"2024-02-15T13:58:08","modified_gmt":"2024-02-15T16:58:08","slug":"renan-mobarack-e-sera-executivo-de-futebol-da-urt","status":"publish","type":"post","link":"http:\/\/patosesportes.com.br\/?p=2991","title":{"rendered":"Renan Mobarack ser\u00e1 executivo de futebol da URT"},"content":{"rendered":"<p>A URT anunciou nesta quinta-feira a contrata\u00e7\u00e3o de Renan Mobarack como executivo de futebol. O profissional estava no &nbsp;Figueirense (2023), ocupando o cargo de executivo de futebol.<\/p><p>Na URT, Renan Mobarack ter\u00e1 mais atribui\u00e7\u00f5es com tarefas mais operacionais. Agora, ele tamb\u00e9m ir\u00e1 participar de negocia\u00e7\u00f5es na montagem do elenco junto com o departamento de futebol.                                                                                                                                                                                                                                                          Por: Wantuir Silva<\/p>","protected":false},"excerpt":{"rendered":"<p>A URT anunciou nesta quinta-feira a contrata\u00e7\u00e3o de Renan Mobarack como executivo de futebol. O profissional estava no &nbsp;Figueirense (2023),<\/p>\n","protected":false},"author":1,"featured_media":0,"comment_status":"open","ping_status":"open","sticky":false,"template":"","format":"standard","meta":{"colormag_page_container_layout":"default_layout","colormag_page_sidebar_layout":"default_layout","footnotes":""},"categories":[7],"tags":[],"class_list":["post-2991","post","type-post","status-publish","format-standard","hentry","category-urt"],"_links":{"self":[{"href":"http:\/\/patosesportes.com.br\/index.php?rest_route=\/wp\/v2\/posts\/2991","targetHints":{"allow":["GET"]}}],"collection":[{"href":"http:\/\/patosesportes.com.br\/index.php?rest_route=\/wp\/v2\/posts"}],"about":[{"href":"http:\/\/patosesportes.com.br\/index.php?rest_route=\/wp\/v2\/types\/post"}],"author":[{"embeddable":true,"href":"http:\/\/patosesportes.com.br\/index.php?rest_route=\/wp\/v2\/users\/1"}],"replies":[{"embeddable":true,"href":"http:\/\/patosesportes.com.br\/index.php?rest_route=%2Fwp%2Fv2%2Fcomments&post=2991"}],"version-history":[{"count":2,"href":"http:\/\/patosesportes.com.br\/index.php?rest_route=\/wp\/v2\/posts\/2991\/revisions"}],"predecessor-version":[{"id":2995,"href":"http:\/\/patosesportes.com.br\/index.php?rest_route=\/wp\/v2\/posts\/2991\/revisions\/2995"}],"wp:attachment":[{"href":"http:\/\/patosesportes.com.br\/index.php?rest_route=%2Fwp%2Fv2%2Fmedia&parent=2991"}],"wp:term":[{"taxonomy":"category","embeddable":true,"href":"http:\/\/patosesportes.com.br\/index.php?rest_route=%2Fwp%2Fv2%2Fcategories&post=2991"},{"taxonomy":"post_tag","embeddable":true,"href":"http:\/\/patosesportes.com.br\/index.php?rest_route=%2Fwp%2Fv2%2Ftags&post=2991"}],"curies":[{"name":"wp","href":"https:\/\/api.w.org\/{rel}","templated":true}]}}