{"id":2917,"date":"2023-11-20T15:26:56","date_gmt":"2023-11-20T18:26:56","guid":{"rendered":"https:\/\/patosesportes.com.br\/?p=2917"},"modified":"2023-11-20T15:41:48","modified_gmt":"2023-11-20T18:41:48","slug":"final-da-copa-regional-mirim-2023","status":"publish","type":"post","link":"http:\/\/patosesportes.com.br\/?p=2917","title":{"rendered":"Final da Copa Regional Mirim 2023"},"content":{"rendered":"<p>No \u00faltimo final de semana, aconteceu a Final da Copa Regional Mirim 2\u00ba Semestre da (LPD). As equipes de Patos de Minas levantaram a ta\u00e7a de campe\u00e3, nas categorias Infantil, Mirim e Pr\u00e9 Mirim.<\/p><p>Resultados:<\/p><p>Show de Bola 4 x 2 Ponte de Terra &#8211; Final Sub 11<\/p><p>Show de Bola 3 x 0 Gol de Placa &#8211; Final Sub 13 <\/p><p>Presidente Oleg\u00e1rio DB+Vida 0 (2) x 0 (4) Craque do Futuro &#8211; FINAL SUB 15 <\/p><p><\/p><figure class=\"wp-block-gallery has-nested-images columns-default is-cropped wp-block-gallery-1 is-layout-flex wp-block-gallery-is-layout-flex\"><figure class=\"wp-block-image size-large\"><img decoding=\"async\" data-id=\"2921\" src=\"https:\/\/patosesportes.com.br\/wp-content\/uploads\/2023\/11\/1-1024x479.jpg\" alt=\"\" class=\"wp-image-2921\"\/><\/figure>\n\n<figure class=\"wp-block-image size-large\"><img decoding=\"async\" data-id=\"2922\" src=\"https:\/\/patosesportes.com.br\/wp-content\/uploads\/2023\/11\/2-1024x521.jpg\" alt=\"\" class=\"wp-image-2922\"\/><\/figure>\n\n<figure class=\"wp-block-image size-large\"><img decoding=\"async\" data-id=\"2918\" src=\"https:\/\/patosesportes.com.br\/wp-content\/uploads\/2023\/11\/FINAL.jpg\" alt=\"\" class=\"wp-image-2918\"\/><\/figure><\/figure><p>Por: Wantuir Silva<\/p><p>                                 <\/p>","protected":false},"excerpt":{"rendered":"<p>No \u00faltimo final de semana, aconteceu a Final da Copa Regional Mirim 2\u00ba Semestre da (LPD). As equipes de Patos<\/p>\n","protected":false},"author":1,"featured_media":0,"comment_status":"open","ping_status":"open","sticky":false,"template":"","format":"standard","meta":{"colormag_page_container_layout":"default_layout","colormag_page_sidebar_layout":"default_layout","footnotes":""},"categories":[3],"tags":[],"class_list":["post-2917","post","type-post","status-publish","format-standard","hentry","category-geral"],"_links":{"self":[{"href":"http:\/\/patosesportes.com.br\/index.php?rest_route=\/wp\/v2\/posts\/2917","targetHints":{"allow":["GET"]}}],"collection":[{"href":"http:\/\/patosesportes.com.br\/index.php?rest_route=\/wp\/v2\/posts"}],"about":[{"href":"http:\/\/patosesportes.com.br\/index.php?rest_route=\/wp\/v2\/types\/post"}],"author":[{"embeddable":true,"href":"http:\/\/patosesportes.com.br\/index.php?rest_route=\/wp\/v2\/users\/1"}],"replies":[{"embeddable":true,"href":"http:\/\/patosesportes.com.br\/index.php?rest_route=%2Fwp%2Fv2%2Fcomments&post=2917"}],"version-history":[{"count":2,"href":"http:\/\/patosesportes.com.br\/index.php?rest_route=\/wp\/v2\/posts\/2917\/revisions"}],"predecessor-version":[{"id":2923,"href":"http:\/\/patosesportes.com.br\/index.php?rest_route=\/wp\/v2\/posts\/2917\/revisions\/2923"}],"wp:attachment":[{"href":"http:\/\/patosesportes.com.br\/index.php?rest_route=%2Fwp%2Fv2%2Fmedia&parent=2917"}],"wp:term":[{"taxonomy":"category","embeddable":true,"href":"http:\/\/patosesportes.com.br\/index.php?rest_route=%2Fwp%2Fv2%2Fcategories&post=2917"},{"taxonomy":"post_tag","embeddable":true,"href":"http:\/\/patosesportes.com.br\/index.php?rest_route=%2Fwp%2Fv2%2Ftags&post=2917"}],"curies":[{"name":"wp","href":"https:\/\/api.w.org\/{rel}","templated":true}]}}