{"id":2813,"date":"2023-07-10T15:59:58","date_gmt":"2023-07-10T18:59:58","guid":{"rendered":"http:\/\/patosesportes.com.br\/?p=2813"},"modified":"2023-07-10T16:21:45","modified_gmt":"2023-07-10T19:21:45","slug":"categorias-menores-dao-um-show-em-campo-nas-finais-da-copa-petiz-da-lpd","status":"publish","type":"post","link":"http:\/\/patosesportes.com.br\/?p=2813","title":{"rendered":"Categorias menores d\u00e3o um show em campo nas finais da Copa Petiz da LPD"},"content":{"rendered":"<p>Neste final de semana, dia 9, aconteceram no Est\u00e1dio Bernardo Rubinger, em Patos de Minas, as finais da Copa Petiz da LPD &#8211; Categorias SUB 8, 9 e 10, (Masculino). No s\u00e1bado foram grandes jogos, emo\u00e7\u00e3o, festa de premia\u00e7\u00f5es (coletivas e individuais) al\u00e9m de uma boa presen\u00e7a do p\u00fablico.<\/p><p>A Diretoria da LPD agradece o apoio de todos e tamb\u00e9m o poder p\u00fablico de Patos de Minas.Em entrevista ao Patos ao Vivo, Sebasti\u00e3o Vicente da (LPD), Iiga Patense de Desportos falou sobre a satisfa\u00e7\u00e3o em realizar as finais da Copa Petiz, dando \u00eanfase no Est\u00e1dio Bernardo Rubinger:<\/p><p><strong>Confira os campe\u00f5es de cada categoria e as premia\u00e7\u00f5es individuais:<\/strong><\/p><p><strong>Sub-8:<\/strong>\u00a0 Bola de Ouro<\/p><p><strong>Sub-9:<\/strong>\u00a0Show de Bola<\/p><p><strong>Sub-10:<\/strong> Bola de Ouro \u00a0 <\/p><p>Por; Wantuir Silva<\/p>","protected":false},"excerpt":{"rendered":"<p>Neste final de semana, dia 9, aconteceram no Est\u00e1dio Bernardo Rubinger, em Patos de Minas, as finais da Copa Petiz<\/p>\n","protected":false},"author":1,"featured_media":0,"comment_status":"open","ping_status":"open","sticky":false,"template":"","format":"standard","meta":{"colormag_page_container_layout":"default_layout","colormag_page_sidebar_layout":"default_layout","footnotes":""},"categories":[3],"tags":[],"class_list":["post-2813","post","type-post","status-publish","format-standard","hentry","category-geral"],"_links":{"self":[{"href":"http:\/\/patosesportes.com.br\/index.php?rest_route=\/wp\/v2\/posts\/2813","targetHints":{"allow":["GET"]}}],"collection":[{"href":"http:\/\/patosesportes.com.br\/index.php?rest_route=\/wp\/v2\/posts"}],"about":[{"href":"http:\/\/patosesportes.com.br\/index.php?rest_route=\/wp\/v2\/types\/post"}],"author":[{"embeddable":true,"href":"http:\/\/patosesportes.com.br\/index.php?rest_route=\/wp\/v2\/users\/1"}],"replies":[{"embeddable":true,"href":"http:\/\/patosesportes.com.br\/index.php?rest_route=%2Fwp%2Fv2%2Fcomments&post=2813"}],"version-history":[{"count":2,"href":"http:\/\/patosesportes.com.br\/index.php?rest_route=\/wp\/v2\/posts\/2813\/revisions"}],"predecessor-version":[{"id":2816,"href":"http:\/\/patosesportes.com.br\/index.php?rest_route=\/wp\/v2\/posts\/2813\/revisions\/2816"}],"wp:attachment":[{"href":"http:\/\/patosesportes.com.br\/index.php?rest_route=%2Fwp%2Fv2%2Fmedia&parent=2813"}],"wp:term":[{"taxonomy":"category","embeddable":true,"href":"http:\/\/patosesportes.com.br\/index.php?rest_route=%2Fwp%2Fv2%2Fcategories&post=2813"},{"taxonomy":"post_tag","embeddable":true,"href":"http:\/\/patosesportes.com.br\/index.php?rest_route=%2Fwp%2Fv2%2Ftags&post=2813"}],"curies":[{"name":"wp","href":"https:\/\/api.w.org\/{rel}","templated":true}]}}