{"id":2804,"date":"2023-07-03T15:25:10","date_gmt":"2023-07-03T18:25:10","guid":{"rendered":"http:\/\/patosesportes.com.br\/?p=2804"},"modified":"2023-07-03T15:26:59","modified_gmt":"2023-07-03T18:26:59","slug":"definidas-as-diretrizes-do-mineiro-segunda-divisao","status":"publish","type":"post","link":"http:\/\/patosesportes.com.br\/?p=2804","title":{"rendered":"Definidas as diretrizes do Mineiro &#8211; Segunda Divis\u00e3o"},"content":{"rendered":"<p>CLUBES PARTICIPANTES<\/p><p>Teremos, ao todo, 17 equipes disputando a Segunda Divis\u00e3o 2023: Am\u00e9rica de Te\u00f3filo Otoni, Arax\u00e1 Esporte Clube, Associa\u00e7\u00e3o Desportiva Internacional de Minas, Associa\u00e7\u00e3o Esportiva Paracatu, Atl\u00e9tico Clube Tr\u00eas Cora\u00e7\u00f5es, Boston City Futebol Clube, Clube Atl\u00e9tico Serranense, Coimbra Esporte Clube, Contagem Esporte Clube, Esporte Clube Mamor\u00e9, Esporte Clube Villa Real, Guarani Esporte Clube, Juventus de Minas Novas, Nacional Futebol Clube, Pirapora Futebol Clube, Po\u00e7os de Caldas Futebol Clube e Val\u00e9riodoce Esporte Clube.<\/p><p>FORMATO<\/p><p>O campeonato ser\u00e1 disputado com atletas sub-23, e a fase classificat\u00f3ria ser\u00e1 disputada em 4 grupos (3 grupos com 4 clubes e 1 grupo com 5 clubes).<\/p><p>GRUPO 1 \u2013 Am\u00e9rica-TO, Val\u00e9rio, Juventus e Boston<\/p><p>GRUPO 2 \u2013 Nacional, Pirapora, Paracatu, Mamor\u00e9 e Arax\u00e1<\/p><p>GRUPO 3 \u2013 Po\u00e7os de Caldas, Atl\u00e9tico Tr\u00eas Cora\u00e7\u00f5es, Villa Real e Guarani<\/p><p>GRUPO 4 \u2013 Coimbra, Contagem, Inter de Minas e Serranense<\/p><p>Os clubes se enfrentam em turno e returno dentro do pr\u00f3prio grupo, classificando-se os 2 melhores de cada grupo para as quartas de final. As fases quartas de final, semifinal e final ser\u00e3o disputadas em ida e volta.<\/p><p>IN\u00cdCIO E T\u00c9RMINO<\/p><p>A disputa da fase classificat\u00f3ria ocorrer\u00e1 do dia 26\/08 ao dia 21\/10. A fase \u201cmata-mata\u201d come\u00e7a no dia 28\/10 e a final ser\u00e1 disputada no dia 25\/11.<\/p><p><strong>Tabela da Primeira Fase<\/strong><\/p><p><strong>1\u00aa rodada<\/strong>&nbsp;\u2013 26, 27, 28 e 29 de agosto de 2023<\/p><p><strong>S\u00e1bado<\/strong><br>Guarani x Po\u00e7os de Caldas \u2013 15h \u2013 Grupo B<br>Nacional Uberaba x Paracatu \u2013 15h30 \u2013 Grupo D<br>Juventus x Valeriodoce \u2013 20h \u2013 Grupo A<\/p><p><strong>Domingo<br><\/strong>Coimbra x Contagem \u2013 9h \u2013 Grupo C<br>Boston City x Am\u00e9rica TO \u2013 10h \u2013 Grupo A<br>Pirapora x&nbsp;<strong>Mamor\u00e9<\/strong>&nbsp;\u2013 10h \u2013 Grupo D<\/p><p><strong>Segunda<br><\/strong>Villa Real x Atl\u00e9tico TC \u2013 19h30 \u2013 Grupo B<\/p><p><strong>Ter\u00e7a<br><\/strong>Serranense x Inter de Minas \u2013 19h \u2013 Grupo C<\/p><p><strong>2\u00aa rodada<\/strong>&nbsp;\u2013 2 de setembro de 2023<\/p><p><strong>S\u00e1bado<br><\/strong>Paracatu x Pirapora \u2013 15h \u2013 Grupo D<br>Arax\u00e1 x Nacional Ub \u2013 15h30 \u2013 Grupo D<\/p><p><strong>3\u00aa rodada<\/strong>&nbsp;\u2013 9, 10, 11 e 13 de setembro de 2023<\/p><p><strong>S\u00e1bado<br><\/strong>Contagem x Serranense \u2013 15h \u2013 Grupo C<\/p><p><strong>Domingo<br><\/strong>Am\u00e9rica TO x Juventus \u2013 10h \u2013 Grupo A<br>Pirapora x Arax\u00e1 \u2013 10h \u2013 Grupo D<br>Valeriodoce x Boston City \u2013 10h30 \u2013 Grupo A<br>Po\u00e7os de Caldas x Villa Real \u2013 10h30<\/p><p><strong>Segunda<br><\/strong>Atl\u00e9tico TC x Guarani \u2013 19h30 \u2013 Grupo B<br><strong>Mamor\u00e9<\/strong>&nbsp;x Paracatu \u2013 20h \u2013 Grupo D<\/p><p><strong>Quarta<br><\/strong>Inter de Minas x Coimbra \u2013 19h \u2013 Grupo C<\/p><p><strong>4\u00aa rodada<\/strong>&nbsp;\u2013 16 de setembro de 2023<\/p><p><strong>S\u00e1bado<br><\/strong>Arax\u00e1 x&nbsp;<strong>Mamor\u00e9<\/strong>&nbsp;\u2013 15h30 \u2013 Grupo D<br>Nacional Ub x Pirapora \u2013 15h30 \u2013 Grupo D<\/p><p><strong>5\u00aa rodada<\/strong>&nbsp;\u2013 23, 24, 25 e 27 de setembro<\/p><p><strong>S\u00e1bado<br><\/strong>Guarani x Villa Real \u2013 15h \u2013 Grupo B<br>Paracatu x Arax\u00e1 \u2013 15h \u2013 Grupo D<\/p><p><strong>Domingo<br><\/strong>Coimbra x Serranense \u2013 9h \u2013 Grupo C<br>Boston City x Juventus \u2013 10h \u2013 Grupo A<br>Valeriodoce x Am\u00e9rica TO \u2013 10h30 \u2013 Grupo A<\/p><p><strong>Segunda<br><\/strong>Atl\u00e9tico TC x Po\u00e7os de Caldas \u2013 19h30 \u2013 Grupo B<br><strong>Mamor\u00e9<\/strong>&nbsp;x Nacional Ub \u2013 20h \u2013 Grupo D<\/p><p><strong>Quarta<br><\/strong>Inter de Minas x Contagem \u2013 19h \u2013 Grupo C<\/p><p><strong>6\u00aa rodada<\/strong>&nbsp;\u2013 27 e 28 de setembro de 2023<\/p><p><strong>Quarta<br><\/strong>Arax\u00e1 x Paracatu \u2013 19h \u2013 Grupo D<\/p><p><strong>Quinta<br><\/strong>Nacional Ub x&nbsp;<strong>Mamor\u00e9<\/strong>&nbsp;\u2013 19h \u2013 Grupo D<\/p><p><strong>7\u00aa rodada<\/strong>&nbsp;\u2013 1\u00ba e 2 de outubro de 2023<\/p><p><strong>Domingo<br><\/strong>Pirapora x Nacional Ub \u2013 15h \u2013 Grupo D<\/p><p><strong>Segunda<br>Mamor\u00e9<\/strong>&nbsp;x Arax\u00e1 \u2013 20h \u2013 Grupo D<\/p><p><strong>8\u00aa rodada<\/strong>&nbsp;\u2013 7, 8 e 9 de outubro de 2023<\/p><p><strong>S\u00e1bado<br><\/strong>Contagem x Inter de Minas \u2013 19h \u2013 Grupo C<br>Paracatu x&nbsp;<strong>Mamor\u00e9<\/strong>&nbsp;\u2013 15h \u2013 Grupo D<br>Arax\u00e1 x Pirapora \u2013 15h30 \u2013 Grupo D<br>Serranense x Coimbra \u2013 16h \u2013 Grupo C<br>Juventus x Boston City \u2013 20h \u2013 Grupo A<\/p><p><strong>Domingo<br><\/strong>Am\u00e9rica TO x&nbsp; Valeriodoce \u2013 10h \u2013 Grupo A<\/p><p><strong>Segunda<br><\/strong>Villa Real x Guarani \u2013 19h30 \u2013 Grupo B<\/p><p><strong>9\u00aa rodada<\/strong>&nbsp;\u2013 14, 15 e 16 de outubro de 2023<\/p><p><strong>S\u00e1bado<br><\/strong>Pirapora x Paracatu \u2013 10h \u2013 Grupo D<br>Guarani x Atl\u00e9tico TC \u2013 15h \u2013 Grupo B<br>Nacional Ub x Arax\u00e1 \u2013 15h30 \u2013 Grupo D<br>Serranense x Contagem \u2013 16h \u2013 Grupo C<br>Juventus x Am\u00e9rica TO \u2013 20h \u2013 Grupo A<\/p><p><strong>Domingo<br><\/strong>Coimbra x Inter de Minas \u2013 9h \u2013 Grupo C<br>Boston City x Valeriodoce \u2013 10h \u2013 Grupo A<\/p><p><strong>Segunda<br><\/strong>Villa Real x Po\u00e7os de Caldas \u2013 19h30 \u2013 Grupo B<\/p><p><strong>10\u00aa rodada<\/strong>&nbsp;\u2013 21 de outubro de 2023<\/p><p><strong>S\u00e1bado \u2013 Todos os jogos \u00e0s 15h<br><\/strong>Am\u00e9rica TO x Boston City \u2013 Grupo A<br>Valeriodoce x Juventus \u2013 Grupo A<br>Po\u00e7os de Caldas x Guarani \u2013 Grupo B<br>Atl\u00e9tico TC x Villa Real \u2013 Grupo B<br>Contagem x Coimbra \u2013 Grupo C<br>Inter de Minas x Serranense \u2013 Grupo C<br>Paracatu x Nacional Ub \u2013 Grupo D<br><strong>Mamor\u00e9<\/strong>&nbsp;x Pirapora \u2013 Grupo D<\/p><p>Fonte: FMF<\/p>","protected":false},"excerpt":{"rendered":"<p>CLUBES PARTICIPANTES Teremos, ao todo, 17 equipes disputando a Segunda Divis\u00e3o 2023: Am\u00e9rica de Te\u00f3filo Otoni, Arax\u00e1 Esporte Clube, Associa\u00e7\u00e3o<\/p>\n","protected":false},"author":1,"featured_media":0,"comment_status":"open","ping_status":"open","sticky":false,"template":"","format":"standard","meta":{"colormag_page_container_layout":"default_layout","colormag_page_sidebar_layout":"default_layout","footnotes":""},"categories":[8],"tags":[],"class_list":["post-2804","post","type-post","status-publish","format-standard","hentry","category-mamore"],"_links":{"self":[{"href":"http:\/\/patosesportes.com.br\/index.php?rest_route=\/wp\/v2\/posts\/2804","targetHints":{"allow":["GET"]}}],"collection":[{"href":"http:\/\/patosesportes.com.br\/index.php?rest_route=\/wp\/v2\/posts"}],"about":[{"href":"http:\/\/patosesportes.com.br\/index.php?rest_route=\/wp\/v2\/types\/post"}],"author":[{"embeddable":true,"href":"http:\/\/patosesportes.com.br\/index.php?rest_route=\/wp\/v2\/users\/1"}],"replies":[{"embeddable":true,"href":"http:\/\/patosesportes.com.br\/index.php?rest_route=%2Fwp%2Fv2%2Fcomments&post=2804"}],"version-history":[{"count":2,"href":"http:\/\/patosesportes.com.br\/index.php?rest_route=\/wp\/v2\/posts\/2804\/revisions"}],"predecessor-version":[{"id":2808,"href":"http:\/\/patosesportes.com.br\/index.php?rest_route=\/wp\/v2\/posts\/2804\/revisions\/2808"}],"wp:attachment":[{"href":"http:\/\/patosesportes.com.br\/index.php?rest_route=%2Fwp%2Fv2%2Fmedia&parent=2804"}],"wp:term":[{"taxonomy":"category","embeddable":true,"href":"http:\/\/patosesportes.com.br\/index.php?rest_route=%2Fwp%2Fv2%2Fcategories&post=2804"},{"taxonomy":"post_tag","embeddable":true,"href":"http:\/\/patosesportes.com.br\/index.php?rest_route=%2Fwp%2Fv2%2Ftags&post=2804"}],"curies":[{"name":"wp","href":"https:\/\/api.w.org\/{rel}","templated":true}]}}