{"id":2789,"date":"2023-06-20T16:09:29","date_gmt":"2023-06-20T19:09:29","guid":{"rendered":"http:\/\/patosesportes.com.br\/?p=2789"},"modified":"2023-06-20T16:13:16","modified_gmt":"2023-06-20T19:13:16","slug":"urt-vence-tupi-fora-de-casa-e-encaminha-classificacao-em-primeiro-lugar-no-modulo-ii","status":"publish","type":"post","link":"http:\/\/patosesportes.com.br\/?p=2789","title":{"rendered":"URT vence Tupi fora de casa e encaminha classifica\u00e7\u00e3o em primeiro lugar no M\u00f3dulo II"},"content":{"rendered":"<p>Robinho e Greg\u00f3rio marcaram, Trov\u00e3o Azul termina primeira fase do M\u00f3dulo II na lideran\u00e7a com 22 pontos. A Veterana venceu o\u00a0Tupi<strong>\u00a0por 2 a 0<\/strong>\u00a0na tarde do \u00faltimo s\u00e1bado no Est\u00e1dio Radialista M\u00e1rio Hel\u00eanio, na cidade de Juiz de Fora, e est\u00e1 no hexagonal final do M\u00f3dulo II do Campeonato Mineiro. A URT volta a campo no s\u00e1bado, 24 de junho, a partir das 15h30. O Trov\u00e3o Azul\u00a0recebe o SC Aymores, em Patos de Minas. <\/p><p>Confira a tabela do hexagonal final do M\u00f3dulo II do Campeonato Mineiro:<\/p><p><strong>1\u00aa rodada<\/strong>&nbsp;\u2013 24 e 25 de junho de 2023<br>S\u00e1bado \u2013 14h30 \u2013 Itabirito x Boa<br>S\u00e1bado \u2013 15h30 \u2013 URT x Aymor\u00e9s<br>Domingo \u2013 10h \u2013 Uberl\u00e2ndia x Betim<\/p><p><strong>2\u00aa rodada<\/strong>&nbsp;\u2013 1\u00ba e 2 de julho de 2023<br>S\u00e1bado \u2013 15h \u2013 Betim x Itabirito<br>S\u00e1bado \u2013 15h30 \u2013 Aymor\u00e9s x Uberl\u00e2ndia<br>Domingo \u2013 10h30 \u2013 Boa x URT<\/p><p><strong>3\u00aa rodada<\/strong>&nbsp;\u2013 8 e 9 de julho de 2023<br>S\u00e1bado \u2013 14h30 \u2013 Itabirito x Uberl\u00e2ndia<br>S\u00e1bado \u2013 15h30 \u2013 URT x Betim<br>Domingo \u2013 10h30 \u2013 Boa x Aymor\u00e9s<\/p><p><strong>4\u00aa rodada<\/strong>&nbsp;\u2013 12 de julho de 2023<br>Quarta \u2013 14h30 \u2013 Itabirito x Aymor\u00e9s<br>Quarta \u2013 15h \u2013 Betim x Boa<br>Quarta \u2013 19h30 \u2013 Uberl\u00e2ndia x URT<\/p><p><strong>5\u00aa rodada<\/strong>&nbsp;\u2013 15 e 16 de julho de 2023<br>S\u00e1bado \u2013 15h30 \u2013 URT x Itabirito<br>S\u00e1bado \u2013 15h30 \u2013 Aymor\u00e9s x Betim<br>Domingo \u2013 10h30 \u2013 Boa x Uberl\u00e2ndia<\/p><p><strong>Returno<\/strong><\/p><p><strong>6\u00aa rodada<\/strong>&nbsp;\u2013 22 e 23 de julho de 2023<br>S\u00e1bado \u2013 14h30 \u2013 Itabirito x URT<br>S\u00e1bado \u2013 15h \u2013 Betim x Aymor\u00e9s<br>Domingo \u2013 10h \u2013 Uberl\u00e2ndia x Boa<\/p><p><strong>7\u00aa rodada<\/strong>&nbsp;\u2013 29 e 30 de julho de 2023<br>S\u00e1bado \u2013 15h30 \u2013 URT x Uberl\u00e2ndia<br>S\u00e1bado \u2013 15h30 \u2013 Aymor\u00e9s x Itabirito<br>Domingo \u2013 10h30 \u2013 Boa x Betim<\/p><p><strong>8\u00aa rodada<\/strong>&nbsp;\u2013 2 de agosto de 2023<br>Quarta \u2013 15h \u2013 Betim x URT<br>Quarta \u2013 19h30 \u2013 Uberl\u00e2ndia x Itabirito<br>Quarta \u2013 19h30 \u2013 Aymor\u00e9s x Boa<\/p><p><strong>9\u00aa rodada<\/strong>&nbsp;\u2013 5 e 6 de agosto de 2023<br>S\u00e1bado \u2013 14h30 \u2013 Itabirito x Betim<br>S\u00e1bado \u2013 15h30 \u2013 URT x Boa<br>Domingo \u2013 10h \u2013 Uberl\u00e2ndia x Aymor\u00e9s<\/p><p><strong>10\u00aa rodada<\/strong>&nbsp;\u2013 12 de agosto de 2023<br>S\u00e1bado \u2013 15h \u2013 Aymor\u00e9s x URT<br>S\u00e1bado \u2013 15h \u2013 Boa x Itabirito<br>S\u00e1bado \u2013 15h \u2013 Betim x Uberl\u00e2ndia<\/p><p>  <\/p>","protected":false},"excerpt":{"rendered":"<p>Robinho e Greg\u00f3rio marcaram, Trov\u00e3o Azul termina primeira fase do M\u00f3dulo II na lideran\u00e7a com 22 pontos. A Veterana venceu<\/p>\n","protected":false},"author":1,"featured_media":0,"comment_status":"open","ping_status":"open","sticky":false,"template":"","format":"standard","meta":{"colormag_page_container_layout":"default_layout","colormag_page_sidebar_layout":"default_layout","footnotes":""},"categories":[7],"tags":[],"class_list":["post-2789","post","type-post","status-publish","format-standard","hentry","category-urt"],"_links":{"self":[{"href":"http:\/\/patosesportes.com.br\/index.php?rest_route=\/wp\/v2\/posts\/2789","targetHints":{"allow":["GET"]}}],"collection":[{"href":"http:\/\/patosesportes.com.br\/index.php?rest_route=\/wp\/v2\/posts"}],"about":[{"href":"http:\/\/patosesportes.com.br\/index.php?rest_route=\/wp\/v2\/types\/post"}],"author":[{"embeddable":true,"href":"http:\/\/patosesportes.com.br\/index.php?rest_route=\/wp\/v2\/users\/1"}],"replies":[{"embeddable":true,"href":"http:\/\/patosesportes.com.br\/index.php?rest_route=%2Fwp%2Fv2%2Fcomments&post=2789"}],"version-history":[{"count":4,"href":"http:\/\/patosesportes.com.br\/index.php?rest_route=\/wp\/v2\/posts\/2789\/revisions"}],"predecessor-version":[{"id":2797,"href":"http:\/\/patosesportes.com.br\/index.php?rest_route=\/wp\/v2\/posts\/2789\/revisions\/2797"}],"wp:attachment":[{"href":"http:\/\/patosesportes.com.br\/index.php?rest_route=%2Fwp%2Fv2%2Fmedia&parent=2789"}],"wp:term":[{"taxonomy":"category","embeddable":true,"href":"http:\/\/patosesportes.com.br\/index.php?rest_route=%2Fwp%2Fv2%2Fcategories&post=2789"},{"taxonomy":"post_tag","embeddable":true,"href":"http:\/\/patosesportes.com.br\/index.php?rest_route=%2Fwp%2Fv2%2Ftags&post=2789"}],"curies":[{"name":"wp","href":"https:\/\/api.w.org\/{rel}","templated":true}]}}