{"id":2783,"date":"2023-06-14T17:12:23","date_gmt":"2023-06-14T20:12:23","guid":{"rendered":"http:\/\/patosesportes.com.br\/?p=2783"},"modified":"2023-06-14T17:27:54","modified_gmt":"2023-06-14T20:27:54","slug":"esporte-clube-mamore-comemora-74-anos-de-historia","status":"publish","type":"post","link":"http:\/\/patosesportes.com.br\/?p=2783","title":{"rendered":"Esporte Clube Mamor\u00e9 comemora 74 anos de hist\u00f3ria"},"content":{"rendered":"<p>Ter\u00e7a feira de comemora\u00e7\u00f5es, recorda\u00e7\u00f5es e muito futebol. Assim foi a festa de anivers\u00e1rio do Esporte Clube Mamor\u00e9, que completou 74 anos de hist\u00f3ria.<\/p><p>Enquanto a bola rolava no campo do Sapo, no Bernardo Rubinger de Queiroz&nbsp;(Patos de Minas), torcedores e apoiadores <strong>participaram da <br>Festa<\/strong>. <\/p><p>Em entrevista ao Patos Esportes, o presidente do clube, Jo\u00e3o Batista de Sousa (Jo\u00e3o Alem\u00e3o) falou do trabalho conjunto.<\/p><p>\u201cFoi a realiza\u00e7\u00e3o de um sonho. Conseguimos reunir o pessoal e acabou com uma grande festa. Foi um sucesso\u201d, descreveu Jo\u00e3o Alem\u00e3o.<\/p><p>O presidente ainda falou sobre a emo\u00e7\u00e3o em ver o  Esporte Clube Mamor\u00e9 74 anos de trajet\u00f3ria mesmo ap\u00f3s as dificuldades enfrentadas &#8211; entre elas o rebaixamento para 2\u00aa Divis\u00e3o do Futebol Mineiro.<\/p><p>\u201cEsperamos que essa temporada seja melhor que a do ano passado. Estamos com um pessoal bom que pode nos levar at\u00e9  ao M\u00f3dulo II em 2024 . Estamos fazendo o nosso melhor, e eu s\u00f3 tenho que agradecer por ter chegado at\u00e9 aqui\u201d, concluiu Jo\u00e3o Alem\u00e3o.<\/p><p>O Esporte Clube Mamor\u00e9 estreia no Mineiro, no s\u00e1bado (26.08).&nbsp;Na primeira fase, o Mamor\u00e9 enfrentar\u00e1 Arax\u00e1, Nacional de Uberaba, Paracatu e Pirapora e a tabela ser\u00e1 divulgada at\u00e9 o pr\u00f3ximo dia 25. Vale ressaltar que a competi\u00e7\u00e3o \u00e9 sub-23.&nbsp;<\/p>","protected":false},"excerpt":{"rendered":"<p>Ter\u00e7a feira de comemora\u00e7\u00f5es, recorda\u00e7\u00f5es e muito futebol. Assim foi a festa de anivers\u00e1rio do Esporte Clube Mamor\u00e9, que completou<\/p>\n","protected":false},"author":1,"featured_media":0,"comment_status":"open","ping_status":"open","sticky":false,"template":"","format":"standard","meta":{"colormag_page_container_layout":"default_layout","colormag_page_sidebar_layout":"default_layout","footnotes":""},"categories":[8],"tags":[],"class_list":["post-2783","post","type-post","status-publish","format-standard","hentry","category-mamore"],"_links":{"self":[{"href":"http:\/\/patosesportes.com.br\/index.php?rest_route=\/wp\/v2\/posts\/2783","targetHints":{"allow":["GET"]}}],"collection":[{"href":"http:\/\/patosesportes.com.br\/index.php?rest_route=\/wp\/v2\/posts"}],"about":[{"href":"http:\/\/patosesportes.com.br\/index.php?rest_route=\/wp\/v2\/types\/post"}],"author":[{"embeddable":true,"href":"http:\/\/patosesportes.com.br\/index.php?rest_route=\/wp\/v2\/users\/1"}],"replies":[{"embeddable":true,"href":"http:\/\/patosesportes.com.br\/index.php?rest_route=%2Fwp%2Fv2%2Fcomments&post=2783"}],"version-history":[{"count":2,"href":"http:\/\/patosesportes.com.br\/index.php?rest_route=\/wp\/v2\/posts\/2783\/revisions"}],"predecessor-version":[{"id":2787,"href":"http:\/\/patosesportes.com.br\/index.php?rest_route=\/wp\/v2\/posts\/2783\/revisions\/2787"}],"wp:attachment":[{"href":"http:\/\/patosesportes.com.br\/index.php?rest_route=%2Fwp%2Fv2%2Fmedia&parent=2783"}],"wp:term":[{"taxonomy":"category","embeddable":true,"href":"http:\/\/patosesportes.com.br\/index.php?rest_route=%2Fwp%2Fv2%2Fcategories&post=2783"},{"taxonomy":"post_tag","embeddable":true,"href":"http:\/\/patosesportes.com.br\/index.php?rest_route=%2Fwp%2Fv2%2Ftags&post=2783"}],"curies":[{"name":"wp","href":"https:\/\/api.w.org\/{rel}","templated":true}]}}