{"id":2778,"date":"2023-06-14T16:25:12","date_gmt":"2023-06-14T19:25:12","guid":{"rendered":"http:\/\/patosesportes.com.br\/?p=2778"},"modified":"2023-06-14T16:28:07","modified_gmt":"2023-06-14T19:28:07","slug":"urt-vence-contra-o-nacional-de-muriae-e-mantem-sequencia-de-vitorias-no-modulo-ii-do-campeonato-mineiro","status":"publish","type":"post","link":"http:\/\/patosesportes.com.br\/?p=2778","title":{"rendered":"URT vence contra o Nacional de Muria\u00e9, e mant\u00e9m sequencia de vit\u00f3rias no M\u00f3dulo II do Campeonato Mineiro"},"content":{"rendered":"<p>No \u00faltimo s\u00e1bado, a URT venceu o Nacional de Muria\u00e9 por 2 a 1, pela decima rodada do M\u00f3dulo II do Campeonato Mineiro. Robinho marcou para os donos da casa em dois momentos, no est\u00e1dio Zama Maciel, e Pedro Felipe marcou para o Nacional de Muria\u00e9. Com o resultado, a equipe patense ocupa o segundo lugar da tabela, com 19 pontos, e tem a chance de assumir a lideran\u00e7a do M\u00f3dulo II. O pr\u00f3ximo compromisso da URT ser\u00e1 contra o Tupi, em Juiz de Fora, a partir das 15 horas (de Bras\u00edlia) no pr\u00f3ximo s\u00e1bado. <\/p><p><em><strong>\u201cCANCELAR<\/strong>&nbsp;a realiza\u00e7\u00e3o da partida v\u00e1lida pela 11\u00aa rodada da Fase Classificat\u00f3ria do Campeonato Mineiro 2023 \u2013 M\u00f3dulo II, entre as equipes do Uni\u00e3o Luziense E.C. e do Tupynamb\u00e1s Futebol Clube, designada para o pr\u00f3ximo dia 17.06.2023, sem a aplica\u00e7\u00e3o de qualquer puni\u00e7\u00e3o regulamentar e\/ou disciplinar.<\/em><\/p><p><em>Para que n\u00e3o haja qualquer altera\u00e7\u00e3o na tabela, ser\u00e1 lan\u00e7ado o placar de 0x0.<\/em><\/p><p><em>Ressalta-se que os clubes aceitam e reconhecem a classifica\u00e7\u00e3o da 10\u00aa rodada da Fase Classificat\u00f3ria como sendo a classifica\u00e7\u00e3o final da competi\u00e7\u00e3o (Uni\u00e3o Luziense em 11\u00ba e Tupynamb\u00e1s em 12\u00ba), nos exatos termos do art. 8\u00ba e 48 do REC, renunciando expressamente ao direito de question\u00e1-las posteriormente.&nbsp;<\/em><\/p><p><em>Publique-se, comunique-se e cumpra-se.<\/em><\/p><p><em>Leonardo de Carvalho Barbosa<\/em><br><em>Diretor de Competi\u00e7\u00f5es\u201d<\/em> <\/p><p>Foto: Patos 1<\/p><p>Por: Wantuir Silva<\/p>","protected":false},"excerpt":{"rendered":"<p>No \u00faltimo s\u00e1bado, a URT venceu o Nacional de Muria\u00e9 por 2 a 1, pela decima rodada do M\u00f3dulo II<\/p>\n","protected":false},"author":1,"featured_media":0,"comment_status":"open","ping_status":"open","sticky":false,"template":"","format":"standard","meta":{"colormag_page_container_layout":"default_layout","colormag_page_sidebar_layout":"default_layout","footnotes":""},"categories":[7],"tags":[],"class_list":["post-2778","post","type-post","status-publish","format-standard","hentry","category-urt"],"_links":{"self":[{"href":"http:\/\/patosesportes.com.br\/index.php?rest_route=\/wp\/v2\/posts\/2778","targetHints":{"allow":["GET"]}}],"collection":[{"href":"http:\/\/patosesportes.com.br\/index.php?rest_route=\/wp\/v2\/posts"}],"about":[{"href":"http:\/\/patosesportes.com.br\/index.php?rest_route=\/wp\/v2\/types\/post"}],"author":[{"embeddable":true,"href":"http:\/\/patosesportes.com.br\/index.php?rest_route=\/wp\/v2\/users\/1"}],"replies":[{"embeddable":true,"href":"http:\/\/patosesportes.com.br\/index.php?rest_route=%2Fwp%2Fv2%2Fcomments&post=2778"}],"version-history":[{"count":1,"href":"http:\/\/patosesportes.com.br\/index.php?rest_route=\/wp\/v2\/posts\/2778\/revisions"}],"predecessor-version":[{"id":2779,"href":"http:\/\/patosesportes.com.br\/index.php?rest_route=\/wp\/v2\/posts\/2778\/revisions\/2779"}],"wp:attachment":[{"href":"http:\/\/patosesportes.com.br\/index.php?rest_route=%2Fwp%2Fv2%2Fmedia&parent=2778"}],"wp:term":[{"taxonomy":"category","embeddable":true,"href":"http:\/\/patosesportes.com.br\/index.php?rest_route=%2Fwp%2Fv2%2Fcategories&post=2778"},{"taxonomy":"post_tag","embeddable":true,"href":"http:\/\/patosesportes.com.br\/index.php?rest_route=%2Fwp%2Fv2%2Ftags&post=2778"}],"curies":[{"name":"wp","href":"https:\/\/api.w.org\/{rel}","templated":true}]}}