{"id":2413,"date":"2022-06-14T14:40:48","date_gmt":"2022-06-14T17:40:48","guid":{"rendered":"http:\/\/patosesportes.com.br\/?p=2413"},"modified":"2022-06-14T14:42:19","modified_gmt":"2022-06-14T17:42:19","slug":"fim-da-parceria-urt-e-air-sports","status":"publish","type":"post","link":"http:\/\/patosesportes.com.br\/?p=2413","title":{"rendered":"Fim da parceria URT e AIR Sports"},"content":{"rendered":"<p>Chegou ao final a parceria entre a URT e a AIR Sports, que vinha comandando o futebol do Trov\u00e3o Azul desde o dia 25 de mar\u00e7o, quando foi firmado o contrato, entre a presidente Maria Isabel e o diretor da empresa, Anderson Ibraim da Rocha.&nbsp;<\/p><p>O relacionamento entre as partes, nos \u00faltimos dias, vinha causando contrariedades devido a alguns fatos relacionados a crit\u00e9rios de contrata\u00e7\u00e3o,&nbsp; objetivos da equipe e atraso em pagamentos. Diante disso, houve a reuni\u00e3o para colocar fim nesta parceria, com a assinatura do distrato realizado nessa quarta-feira (8).&nbsp;<\/p><p>Foram 70 dias nesse modelo de gest\u00e3o e oito jogos disputados na S\u00e9rie D do Campeonato Brasileiro, com duas vit\u00f3rias, dois empates e quatro derrotas. A postura do time no jogo de estreia, caindo vergonhosamente em Araraquara diante da Ferrovi\u00e1ria, levando a hist\u00f3rica e extravagante goleada de 8\u00d70 teria foi o in\u00edcio da desconfian\u00e7a sobre a qualidade do time.<\/p><p>Nesse per\u00edodo, o t\u00e9cnico Ricardo Severo iniciou a competi\u00e7\u00e3o, com a equipe perdendo as duas primeiras e levando onze gols, sem marcar. Veio Ricardo Chuva, que vem realizando uma campanha de recupera\u00e7\u00e3o, tirando o time da lanterna.<\/p><p>Segundo informa\u00e7\u00f5es da diretoria, foram acertadas todas as pend\u00eancias financeiras da gest\u00e3o da AIR, com a responsabilidade a partir de agora da URT, nos jogos que ainda restam para o encerramento da primeira fase da S\u00e9rie D.<\/p><p>O contrato com Anderson Ibraim seria at\u00e9 25 de mar\u00e7o de 2023.<\/p><p><strong>Dispensa de jogadores<\/strong><\/p><p>A primeira atitude da diretoria foi uma reuni\u00e3o com Ricardo Chuva e comiss\u00e3o t\u00e9cnica para \u201cenxugar\u201d o elenco, com a dispensa de onze jogadores (um time inteiro). A lista dos cortados n\u00e3o foi divulgada, mesmo porque est\u00e3o sendo realizados os acertos com os profissionais, atrav\u00e9s do departamento financeiro do clube.<\/p><p><strong>Time partiu para terras capixabas<\/strong><\/p><p>A manh\u00e3 desta quinta (9) foi de treinamento no Est\u00e1dio Zama Maciel, almo\u00e7o e in\u00edcio da viagem para o Esp\u00edrito Santo, come\u00e7ando pelo aeroporto de Confins em Belo-Horizonte, com o voo at\u00e9 Vit\u00f3ria. De l\u00e1, a delega\u00e7\u00e3o segue, de \u00f4nibus, para a cidade de Colatina para o pernoite, seguindo no s\u00e1bado para \u00c1guia Branca, para o jogo \u00e0s 16h, diante do Real Noroeste.<\/p><p>Por: Adamar Gomes \u2013 Foto: Lu\u00eds C\u00e9sar<\/p>","protected":false},"excerpt":{"rendered":"<p>Chegou ao final a parceria entre a URT e a AIR Sports, que vinha comandando o futebol do Trov\u00e3o Azul<\/p>\n","protected":false},"author":1,"featured_media":0,"comment_status":"open","ping_status":"open","sticky":false,"template":"","format":"standard","meta":{"colormag_page_container_layout":"default_layout","colormag_page_sidebar_layout":"default_layout","footnotes":""},"categories":[7],"tags":[],"class_list":["post-2413","post","type-post","status-publish","format-standard","hentry","category-urt"],"_links":{"self":[{"href":"http:\/\/patosesportes.com.br\/index.php?rest_route=\/wp\/v2\/posts\/2413","targetHints":{"allow":["GET"]}}],"collection":[{"href":"http:\/\/patosesportes.com.br\/index.php?rest_route=\/wp\/v2\/posts"}],"about":[{"href":"http:\/\/patosesportes.com.br\/index.php?rest_route=\/wp\/v2\/types\/post"}],"author":[{"embeddable":true,"href":"http:\/\/patosesportes.com.br\/index.php?rest_route=\/wp\/v2\/users\/1"}],"replies":[{"embeddable":true,"href":"http:\/\/patosesportes.com.br\/index.php?rest_route=%2Fwp%2Fv2%2Fcomments&post=2413"}],"version-history":[{"count":1,"href":"http:\/\/patosesportes.com.br\/index.php?rest_route=\/wp\/v2\/posts\/2413\/revisions"}],"predecessor-version":[{"id":2414,"href":"http:\/\/patosesportes.com.br\/index.php?rest_route=\/wp\/v2\/posts\/2413\/revisions\/2414"}],"wp:attachment":[{"href":"http:\/\/patosesportes.com.br\/index.php?rest_route=%2Fwp%2Fv2%2Fmedia&parent=2413"}],"wp:term":[{"taxonomy":"category","embeddable":true,"href":"http:\/\/patosesportes.com.br\/index.php?rest_route=%2Fwp%2Fv2%2Fcategories&post=2413"},{"taxonomy":"post_tag","embeddable":true,"href":"http:\/\/patosesportes.com.br\/index.php?rest_route=%2Fwp%2Fv2%2Ftags&post=2413"}],"curies":[{"name":"wp","href":"https:\/\/api.w.org\/{rel}","templated":true}]}}