{"id":2409,"date":"2022-06-14T14:43:48","date_gmt":"2022-06-14T17:43:48","guid":{"rendered":"http:\/\/patosesportes.com.br\/?p=2409"},"modified":"2022-06-14T14:48:46","modified_gmt":"2022-06-14T17:48:46","slug":"mamore-comemora-seu-73o-aniversario","status":"publish","type":"post","link":"http:\/\/patosesportes.com.br\/?p=2409","title":{"rendered":"Mamor\u00e9 comemora seu 73\u00ba anivers\u00e1rio"},"content":{"rendered":"<p>Com presen\u00e7as de diretores, conselheiros e torcedores, o Mamor\u00e9 comemorou nesta segunda-feira (13) os seus 73 anos de exist\u00eancia, fundado que foi em 1949, justamente no dia do padroeiro da cidade, Santo Antonio. A partir de meio-dia aconteceu o evento, nas depend\u00eancias do Est\u00e1dio Bernardo Rubinger de Queiroz.<\/p><p>O presidente Jo\u00e3o Batista de Sousa (Jo\u00e3o Alem\u00e3o), eleito e empossado recentemente, falou de sua alegria de estar \u00e0 frente da agremia\u00e7\u00e3o esmeraldina e confirmou Paulo C\u00e9sar Catanoce como t\u00e9cnico do time que, em agosto, estreia no Campeonato Mineiro da Segunda Divis\u00e3o (Terceirona), retornando \u00e0s competi\u00e7\u00f5es oficiais.<\/p><p>Gabriel Chagas (preparador f\u00edsico), o conhecido Baiano (preparador de goleiros) tamb\u00e9m estavam presentes, o roupeiro Roni (o popular Buiu), al\u00e9m do vice de futebol, Valmir Braga e outros diretores.&nbsp;<\/p><p>O \u00faltimo jogo do Sapo aconteceu no dia 31 de outubro de 2020, quando perdeu para o Tupi em Juiz de Fora por 3\u00d71, sendo rebaixado do M\u00f3dulo II, juntamente com o CAP Uberl\u00e2ndia. Quase dois anos depois, o Mamor\u00e9 est\u00e1 de volta e tem projetos de montar uma equipe competitiva, apesar de todas dificuldades enfrentadas pelas equipes do interior.<\/p><p><strong>Conquistas<\/strong><\/p><p>Nos seus 73 anos, o Mamor\u00e9 foi Campe\u00e3o do Interior Mineiro em 1995 e 2001; campe\u00e3o do M\u00f3dulo II em 1991, 2000 e 2014; campe\u00e3o da terceirona em 2009, invicto. Conquistou a Supercopa Minas Gerais em 1993 e na d\u00e9cada de 60, levantou o trofeu da Copa Tri\u00e2ngulo em 1962.&nbsp;<\/p><p>O Sapo disputou o Copa Sul Minas de 2002, a Copa S\u00e3o Paulo de Futebol J\u00fanior em 2003, a S\u00e9rie C do Campeonato Brasileiro em 2001, entre outras conquistas, inclusive no terreno amador.<\/p><p>Por: Adamar Gomes \u2013 Fotos: Toninho Cury e Fausto Mundim<\/p>","protected":false},"excerpt":{"rendered":"<p>Com presen\u00e7as de diretores, conselheiros e torcedores, o Mamor\u00e9 comemorou nesta segunda-feira (13) os seus 73 anos de exist\u00eancia, fundado<\/p>\n","protected":false},"author":1,"featured_media":0,"comment_status":"open","ping_status":"open","sticky":false,"template":"","format":"standard","meta":{"colormag_page_container_layout":"default_layout","colormag_page_sidebar_layout":"default_layout","footnotes":""},"categories":[8],"tags":[],"class_list":["post-2409","post","type-post","status-publish","format-standard","hentry","category-mamore"],"_links":{"self":[{"href":"http:\/\/patosesportes.com.br\/index.php?rest_route=\/wp\/v2\/posts\/2409","targetHints":{"allow":["GET"]}}],"collection":[{"href":"http:\/\/patosesportes.com.br\/index.php?rest_route=\/wp\/v2\/posts"}],"about":[{"href":"http:\/\/patosesportes.com.br\/index.php?rest_route=\/wp\/v2\/types\/post"}],"author":[{"embeddable":true,"href":"http:\/\/patosesportes.com.br\/index.php?rest_route=\/wp\/v2\/users\/1"}],"replies":[{"embeddable":true,"href":"http:\/\/patosesportes.com.br\/index.php?rest_route=%2Fwp%2Fv2%2Fcomments&post=2409"}],"version-history":[{"count":1,"href":"http:\/\/patosesportes.com.br\/index.php?rest_route=\/wp\/v2\/posts\/2409\/revisions"}],"predecessor-version":[{"id":2416,"href":"http:\/\/patosesportes.com.br\/index.php?rest_route=\/wp\/v2\/posts\/2409\/revisions\/2416"}],"wp:attachment":[{"href":"http:\/\/patosesportes.com.br\/index.php?rest_route=%2Fwp%2Fv2%2Fmedia&parent=2409"}],"wp:term":[{"taxonomy":"category","embeddable":true,"href":"http:\/\/patosesportes.com.br\/index.php?rest_route=%2Fwp%2Fv2%2Fcategories&post=2409"},{"taxonomy":"post_tag","embeddable":true,"href":"http:\/\/patosesportes.com.br\/index.php?rest_route=%2Fwp%2Fv2%2Ftags&post=2409"}],"curies":[{"name":"wp","href":"https:\/\/api.w.org\/{rel}","templated":true}]}}