{"id":2167,"date":"2022-01-31T17:44:59","date_gmt":"2022-01-31T20:44:59","guid":{"rendered":"http:\/\/patosesportes.com.br\/?p=2167"},"modified":"2022-02-11T17:30:21","modified_gmt":"2022-02-11T20:30:21","slug":"urt-vacila-e-perde-para-a-caldense-no-zama-maciel","status":"publish","type":"post","link":"http:\/\/patosesportes.com.br\/?p=2167","title":{"rendered":"URT vacila e perde para a Caldense no Zama Maciel"},"content":{"rendered":"<p>URT perdeu a segunda consecutiva no Campeonato Mineiro, caindo diante da Caldense em pleno Zama Maciel, por 3\u00d71. \u00cdkaro abriu o marcador aos 30 minutos, chutando fora de fora da \u00e1rea. Aos 47, depois de receber a bola na entrada entrada da \u00e1rea, em velocidade, Douglas Skilo acertou o canto do goleiro Jairo.&nbsp;<\/p><p>No segundo tempo, o Trov\u00e3o Azul diminuiu com o lateral Ferrugem, o destaque do time na tarde deste domingo (30), aos 16 minutos. Aos 46, Neto Costa, aproveitando um apag\u00e3o da defesa celeste fechou a contagem: 3\u00d71 para a Veterana de Po\u00e7os.<\/p><p>A Caldense, que nos \u00faltimos tr\u00eas anos havia enfrentado a URT no Zama Maciel, com duas derrotas e um empate, venceu, com merecimento. Foi a segunda vit\u00f3ria seguida da equipe de Po\u00e7os, ap\u00f3s a estreia de 2\u00d71 diante do Am\u00e9rica.<\/p><p>A URT ficou devendo uma boa atua\u00e7\u00e3o. N\u00e3o deu para entender o vacilo no terceiro gol da Caldense, com a defesa parada a espera de uma poss\u00edvel sa\u00edda de bola para a lateral. Desistiu da jogada, deixando a Caldense tranquila para balan\u00e7ar a rede.<\/p><p>Neste gol, o Trov\u00e3o Azul contava com um de seus zagueiros, Breno, fazendo as vezes de goleiro, pela expuls\u00e3o de Jairo, minutos antes, porque as cinco substitui\u00e7\u00f5es permitidas foram feitas no intervalo da partida, pelo t\u00e9cnico Welington Fajardo, mostrando sua insatisfa\u00e7\u00e3o com o que foi apresentado no primeiro tempo.<\/p><p>As vaciladas n\u00e3o terminaram aqui. A \u00e1rbitra Andreza aplicou erroneamente cart\u00e3o amarelo para o goleiro Jairo da URT, que saiu da \u00e1rea e cometeu falta no atacante Pedro Gabriel, quando este se encontrava em condi\u00e7\u00f5es claras de marcar o gol. Alertada pelos assistentes, o amarelo foi retirado, sendo mostrado o cart\u00e3o vermelho para o jogador uerretense.<\/p><p><strong>URT<\/strong><\/p><p>Jairo (expulso-entrou Breno); Ferrugem, Davy, Breno (foi para o gol) e Jhonathan Moc;<br>Dudu (Euller), Derlan e Gindre (Nininho);<br>Cesinha (Iago Martins), Daniel Passira (Matheus Oliveira) e Evair (Cebolinha).<br>Treinador: Welington Fajardo.<\/p><p><strong>CALDENSE<\/strong><\/p><p>Renan Rinaldo; Yuri Ferraz, Jonathan Costa, Lula (Lucas M\u00fafalo) e Michael;<br>Paulo V\u00edtor, \u00cdkaro (\u00cdgor Pimenta) e Alem\u00e3o;<br>Jo\u00e3o Diogo (Pedro Gabriel), Neto Costa e Douglas Skilo (Marco Aur\u00e9lio).<br>Treinador: Gian Rodrigues.<\/p><p>\u00c1rbitra: Andrez Helena de Siqueira; assistentes: Augusto Magno de Ramos e Bernardo de Sousa P\u00e1dua; Quarto \u00e1rbitro: Michel Patrick Costa Guimar\u00e3es.<\/p><p><strong>Jogos da 2\u00aa rodada<\/strong><\/p><p>S\u00e1bado<br>No Independ\u00eancia: Atl\u00e9tico 3\u00d70 Tombense<\/p><p>Domingo<br>Em S\u00e3o Jo\u00e3o del Rei: Athletic 0x1 Cruzeiro<br>Em Patos de Minas: URT 1\u00d73 Caldense<br>Em Patroc\u00ednio: Patrocinense 1\u00d72 Uberl\u00e2ndia<br>Em Pouso Alegre: Pouso Alegre 1\u00d71 Villa Nova<br>No Independ\u00eancia: Am\u00e9rica 2\u00d70 Democrata GV<\/p><p><strong>Pr\u00f3ximos jogos<\/strong><\/p><p><strong>3\u00aa rodada \u2013 quarta-feira (2 de fevereiro)<\/strong><br>19h30, em Pouso Alegre: Pouso Alegre x Athletic<br>19h30, em Uberl\u00e2ndia: Uberl\u00e2ndia x Atl\u00e9tico<br>20h00, em Po\u00e7os de Caldas: Caldense x Tombense<br>20h00, em Patroc\u00ednio: Patrocinense x URT<br>20h30, em Nova Lima: Villa Nova x Democrata GV<br>21h30, no Mineir\u00e3o: Cruzeiro x Am\u00e9rica<\/p><p><strong>URT busca primeira vit\u00f3ria<\/strong><\/p><p>At\u00e9 agora, dois jogos e duas derrotas: 3\u00d70 para o Cruzeiro, no Independ\u00eancia e derrota de 3\u00d71 para a Caldense, no Zama Maciel.<\/p><p>A URT vem disputando o campeonato mineiro do m\u00f3dulo I seguidamente, durante nove anos. Nem sempre a primeira vit\u00f3ria aconteceu nas duas primeiras rodadas. Em 2014, ela s\u00f3 veio na terceira. Em 2016, quando foi campe\u00e3o do interior, tamb\u00e9m na terceira rodada. O ano de 2019 foi o de maior espera pela primeira vit\u00f3ria, que s\u00f3 ocorreu na s\u00e9tima rodada contra o Tupynamb\u00e1s, depois de tr\u00eas derrotas e dois empates.<\/p><p>Fonte: agesporte.com.br<\/p>","protected":false},"excerpt":{"rendered":"<p>URT perdeu a segunda consecutiva no Campeonato Mineiro, caindo diante da Caldense em pleno Zama Maciel, por 3\u00d71. \u00cdkaro abriu<\/p>\n","protected":false},"author":1,"featured_media":0,"comment_status":"open","ping_status":"open","sticky":false,"template":"","format":"standard","meta":{"colormag_page_container_layout":"default_layout","colormag_page_sidebar_layout":"default_layout","footnotes":""},"categories":[7],"tags":[],"class_list":["post-2167","post","type-post","status-publish","format-standard","hentry","category-urt"],"_links":{"self":[{"href":"http:\/\/patosesportes.com.br\/index.php?rest_route=\/wp\/v2\/posts\/2167","targetHints":{"allow":["GET"]}}],"collection":[{"href":"http:\/\/patosesportes.com.br\/index.php?rest_route=\/wp\/v2\/posts"}],"about":[{"href":"http:\/\/patosesportes.com.br\/index.php?rest_route=\/wp\/v2\/types\/post"}],"author":[{"embeddable":true,"href":"http:\/\/patosesportes.com.br\/index.php?rest_route=\/wp\/v2\/users\/1"}],"replies":[{"embeddable":true,"href":"http:\/\/patosesportes.com.br\/index.php?rest_route=%2Fwp%2Fv2%2Fcomments&post=2167"}],"version-history":[{"count":2,"href":"http:\/\/patosesportes.com.br\/index.php?rest_route=\/wp\/v2\/posts\/2167\/revisions"}],"predecessor-version":[{"id":2185,"href":"http:\/\/patosesportes.com.br\/index.php?rest_route=\/wp\/v2\/posts\/2167\/revisions\/2185"}],"wp:attachment":[{"href":"http:\/\/patosesportes.com.br\/index.php?rest_route=%2Fwp%2Fv2%2Fmedia&parent=2167"}],"wp:term":[{"taxonomy":"category","embeddable":true,"href":"http:\/\/patosesportes.com.br\/index.php?rest_route=%2Fwp%2Fv2%2Fcategories&post=2167"},{"taxonomy":"post_tag","embeddable":true,"href":"http:\/\/patosesportes.com.br\/index.php?rest_route=%2Fwp%2Fv2%2Ftags&post=2167"}],"curies":[{"name":"wp","href":"https:\/\/api.w.org\/{rel}","templated":true}]}}