{"id":2163,"date":"2022-01-03T11:16:10","date_gmt":"2022-01-03T14:16:10","guid":{"rendered":"http:\/\/patosesportes.com.br\/?p=2163"},"modified":"2022-01-03T11:16:13","modified_gmt":"2022-01-03T14:16:13","slug":"diretores-do-mamore-prestam-conta-da-temporada-2021","status":"publish","type":"post","link":"http:\/\/patosesportes.com.br\/?p=2163","title":{"rendered":"Diretores do Mamor\u00e9 prestam conta da temporada 2021"},"content":{"rendered":"<p>O presidente F\u00e1bio Braga, do Mamor\u00e9, prestou contas de sua administra\u00e7\u00e3o nesta temporada, acompanhado por Jos\u00e9 Armando Resende, presidente do Conselho Deliberativo e o advogado Geraldo Nogueira Arcanjo (Capit\u00e3o Nogueira), respons\u00e1vel pelas altera\u00e7\u00f5es estatut\u00e1rias.<\/p><p>A prioridade da executiva foi a de sanear financeiramente o clube esmeraldino, quitando d\u00e9bitos junto a fornecedores, a\u00e7\u00f5es judiciais e outras contas de anos anteriores. Alguns compromissos ainda ter\u00e3o que ser acertados e segundo o presidente, isso ser\u00e1 feito nos pr\u00f3ximos meses e n\u00e3o chegam a R$ 120 mil reais.<\/p><p>F\u00e1bio Braga n\u00e3o garantiu se ser\u00e1 candidato na pr\u00f3xima elei\u00e7\u00e3o. Caso seja ele o candidato, ser\u00e1 analisada com muito cuidado a participa\u00e7\u00e3o do clube na pr\u00f3xima competi\u00e7\u00e3o da FMF, no segundo semestre de 2022, o Campeonato Mineiro da Segunda Divis\u00e3o.<\/p><p>Jos\u00e9 Armando, do Conselho, falou das altera\u00e7\u00f5es estatut\u00e1rias, adequando o clube \u00e0s novas exig\u00eancias do C\u00f3digo Civil, al\u00e9m de definir as forma\u00e7\u00f5es da Diretoria Executiva, do Conselho Deliberativo e Conselho. Segundo ele, o mandato da atual diretoria vai at\u00e9 mar\u00e7o, quando ser\u00e1 divulgado o edital de convoca\u00e7\u00e3o para a pr\u00f3xima elei\u00e7\u00e3o.&nbsp;<\/p><p>O advogado Capit\u00e3o Nogueira, considera que as altera\u00e7\u00f5es eram necess\u00e1rias e deixa o clube preparado para o futuro, inclusive em caso de transforma\u00e7\u00e3o em clube-empresa. O Conselho Deliberativo passar\u00e1 a ter 15 membros efetivos e dez suplentes. O Conselho de Orienta\u00e7\u00e3o e Fiscaliza\u00e7\u00e3o (COF) deixa de existir com a cria\u00e7\u00e3o do Conselho Fiscal e o Conselho de \u00c9tica e Disciplina.&nbsp;<\/p><p>Continuar\u00e3o os problemas s\u00f3cio-contribuinte e Fam\u00edlia esmeraldina. Diretoria incentivar\u00e1 o S\u00f3cio-propriet\u00e1rio, que ter\u00e1 direito a ser votado para cargos da Executiva e do Conselho Deliberativo.<\/p><p>Por: Adamar Gomes&nbsp;<\/p>","protected":false},"excerpt":{"rendered":"<p>O presidente F\u00e1bio Braga, do Mamor\u00e9, prestou contas de sua administra\u00e7\u00e3o nesta temporada, acompanhado por Jos\u00e9 Armando Resende, presidente do<\/p>\n","protected":false},"author":1,"featured_media":0,"comment_status":"open","ping_status":"open","sticky":false,"template":"","format":"standard","meta":{"colormag_page_container_layout":"default_layout","colormag_page_sidebar_layout":"default_layout","footnotes":""},"categories":[8],"tags":[],"class_list":["post-2163","post","type-post","status-publish","format-standard","hentry","category-mamore"],"_links":{"self":[{"href":"http:\/\/patosesportes.com.br\/index.php?rest_route=\/wp\/v2\/posts\/2163","targetHints":{"allow":["GET"]}}],"collection":[{"href":"http:\/\/patosesportes.com.br\/index.php?rest_route=\/wp\/v2\/posts"}],"about":[{"href":"http:\/\/patosesportes.com.br\/index.php?rest_route=\/wp\/v2\/types\/post"}],"author":[{"embeddable":true,"href":"http:\/\/patosesportes.com.br\/index.php?rest_route=\/wp\/v2\/users\/1"}],"replies":[{"embeddable":true,"href":"http:\/\/patosesportes.com.br\/index.php?rest_route=%2Fwp%2Fv2%2Fcomments&post=2163"}],"version-history":[{"count":1,"href":"http:\/\/patosesportes.com.br\/index.php?rest_route=\/wp\/v2\/posts\/2163\/revisions"}],"predecessor-version":[{"id":2165,"href":"http:\/\/patosesportes.com.br\/index.php?rest_route=\/wp\/v2\/posts\/2163\/revisions\/2165"}],"wp:attachment":[{"href":"http:\/\/patosesportes.com.br\/index.php?rest_route=%2Fwp%2Fv2%2Fmedia&parent=2163"}],"wp:term":[{"taxonomy":"category","embeddable":true,"href":"http:\/\/patosesportes.com.br\/index.php?rest_route=%2Fwp%2Fv2%2Fcategories&post=2163"},{"taxonomy":"post_tag","embeddable":true,"href":"http:\/\/patosesportes.com.br\/index.php?rest_route=%2Fwp%2Fv2%2Ftags&post=2163"}],"curies":[{"name":"wp","href":"https:\/\/api.w.org\/{rel}","templated":true}]}}