{"id":1781,"date":"2021-03-28T10:35:50","date_gmt":"2021-03-28T13:35:50","guid":{"rendered":"http:\/\/patosesportes.com.br\/?p=1781"},"modified":"2021-03-29T09:06:59","modified_gmt":"2021-03-29T12:06:59","slug":"prefeitura-entrega-reforma-de-quadra-esportiva-no-bairro-sao-jose-operario","status":"publish","type":"post","link":"http:\/\/patosesportes.com.br\/?p=1781","title":{"rendered":"Prefeitura entrega reforma de quadra esportiva no Bairro S\u00e3o Jos\u00e9 Oper\u00e1rio"},"content":{"rendered":"<p>Promovendo melhorias que beneficiam o esporte e proporcionam maior conforto, lazer e sa\u00fade para a popula\u00e7\u00e3o, a Prefeitura de Patos de Minas entregou na quinta-feira, (25), a reforma da quadra esportiva, do Bairro S\u00e3o Jos\u00e9 Oper\u00e1rio.<\/p><figure class=\"wp-block-gallery columns-1 is-cropped wp-block-gallery-1 is-layout-flex wp-block-gallery-is-layout-flex\"><ul class=\"blocks-gallery-grid\"><li class=\"blocks-gallery-item\"><figure><img decoding=\"async\" src=\"http:\/\/patosesportes.com.br\/wp-content\/uploads\/2021\/03\/G1-1024x768.jpg\" alt=\"\" data-id=\"1787\" data-full-url=\"http:\/\/patosesportes.com.br\/wp-content\/uploads\/2021\/03\/G1.jpg\" data-link=\"http:\/\/patosesportes.com.br\/?attachment_id=1787\" class=\"wp-image-1787\"\/><\/figure><\/li><\/ul><\/figure><p>A reforma englobou, a pintura e a demarca\u00e7\u00e3o da quadra. O Secret\u00e1rio de Cultura, Turismo, Esporte e Lazer de Patos de Minas Ivan Rosa anunciou, acrescentando que nos pr\u00f3ximos dias mais obras ser\u00e3o autorizadas ou inauguradas.<\/p><figure class=\"wp-block-image size-large\"><img decoding=\"async\" src=\"http:\/\/patosesportes.com.br\/wp-content\/uploads\/2021\/03\/G2-1024x768.jpg\" alt=\"\" class=\"wp-image-1789\"\/><\/figure><p>O prefeito de Patos de Minas, Lu\u00eds Eduardo Falc\u00e3o valoriza a implanta\u00e7\u00e3o e melhorias de quadras poliesportivas nos bairros&nbsp;visando a&nbsp;valoriza\u00e7\u00e3o do esporte, que \u00e9 de grande import\u00e2ncia para o desenvolvimento integral da popula\u00e7\u00e3o. \u201cQuero agradecer a popula\u00e7\u00e3o, aos colaborares com ideias. Chegou o momento de entregarmos a obra da quadra t\u00e3o esperada\u201d, disse o prefeito.<\/p><figure class=\"wp-block-image size-large\"><img decoding=\"async\" src=\"http:\/\/patosesportes.com.br\/wp-content\/uploads\/2021\/03\/G4-1024x768.jpg\" alt=\"\" class=\"wp-image-1790\"\/><\/figure><p>Por: Wantuir Silva<\/p><p>Fotos: Secret\u00e1rio de Cultura, Turismo, Esporte e Lazer de Patos de Minas <\/p>","protected":false},"excerpt":{"rendered":"<p>Promovendo melhorias que beneficiam o esporte e proporcionam maior conforto, lazer e sa\u00fade para a popula\u00e7\u00e3o, a Prefeitura de Patos<\/p>\n","protected":false},"author":1,"featured_media":0,"comment_status":"open","ping_status":"open","sticky":false,"template":"","format":"standard","meta":{"colormag_page_container_layout":"default_layout","colormag_page_sidebar_layout":"default_layout","footnotes":""},"categories":[3],"tags":[],"class_list":["post-1781","post","type-post","status-publish","format-standard","hentry","category-geral"],"_links":{"self":[{"href":"http:\/\/patosesportes.com.br\/index.php?rest_route=\/wp\/v2\/posts\/1781","targetHints":{"allow":["GET"]}}],"collection":[{"href":"http:\/\/patosesportes.com.br\/index.php?rest_route=\/wp\/v2\/posts"}],"about":[{"href":"http:\/\/patosesportes.com.br\/index.php?rest_route=\/wp\/v2\/types\/post"}],"author":[{"embeddable":true,"href":"http:\/\/patosesportes.com.br\/index.php?rest_route=\/wp\/v2\/users\/1"}],"replies":[{"embeddable":true,"href":"http:\/\/patosesportes.com.br\/index.php?rest_route=%2Fwp%2Fv2%2Fcomments&post=1781"}],"version-history":[{"count":7,"href":"http:\/\/patosesportes.com.br\/index.php?rest_route=\/wp\/v2\/posts\/1781\/revisions"}],"predecessor-version":[{"id":1798,"href":"http:\/\/patosesportes.com.br\/index.php?rest_route=\/wp\/v2\/posts\/1781\/revisions\/1798"}],"wp:attachment":[{"href":"http:\/\/patosesportes.com.br\/index.php?rest_route=%2Fwp%2Fv2%2Fmedia&parent=1781"}],"wp:term":[{"taxonomy":"category","embeddable":true,"href":"http:\/\/patosesportes.com.br\/index.php?rest_route=%2Fwp%2Fv2%2Fcategories&post=1781"},{"taxonomy":"post_tag","embeddable":true,"href":"http:\/\/patosesportes.com.br\/index.php?rest_route=%2Fwp%2Fv2%2Ftags&post=1781"}],"curies":[{"name":"wp","href":"https:\/\/api.w.org\/{rel}","templated":true}]}}